{"id":71,"date":"2025-07-09T09:09:50","date_gmt":"2025-07-09T09:09:50","guid":{"rendered":"https:\/\/mauritanie-demain.org\/?p=71"},"modified":"2025-07-09T09:09:50","modified_gmt":"2025-07-09T09:09:50","slug":"mauritanie-koweit-temoignage-dun-dialogue-culturel-renforce","status":"publish","type":"post","link":"https:\/\/mauritanie-demain.org\/index.php\/2025\/07\/09\/mauritanie-koweit-temoignage-dun-dialogue-culturel-renforce\/","title":{"rendered":"Mauritanie\u2013Kowe\u00eft, t\u00e9moignage d\u2019un dialogue culturel renforc\u00e9"},"content":{"rendered":"\n<p>Le ministre mauritanien de la Culture, des Arts, de la Jeunesse et des Sports, <strong>El Houssein Ould Meddou<\/strong>, a pris part \u00e0 la c\u00e9r\u00e9monie officielle marquant la d\u00e9signation du <strong>Kowe\u00eft comme Capitale arabe de la culture et des m\u00e9dias pour l\u2019ann\u00e9e 2025<\/strong>. Cet \u00e9v\u00e9nement, organis\u00e9 sous l\u2019\u00e9gide de la Ligue des \u00c9tats arabes, a \u00e9t\u00e9 l\u2019occasion de r\u00e9affirmer la place de la Mauritanie dans le paysage culturel du monde arabe.<\/p>\n\n\n\n<h3 class=\"wp-block-heading\">Une pr\u00e9sence diplomatique et culturelle forte<\/h3>\n\n\n\n<p>Repr\u00e9sentant le pr\u00e9sident Mohamed Ould Cheikh El Ghazouani, le ministre mauritanien a exprim\u00e9 les f\u00e9licitations du gouvernement mauritanien au peuple et aux autorit\u00e9s kowe\u00eftiennes. Dans son discours, El Houssein Ould Meddou a salu\u00e9 \u00ab la richesse du patrimoine culturel du Kowe\u00eft \u00bb et mis en lumi\u00e8re les liens profonds qui unissent la Mauritanie au reste du monde arabe, tant sur le plan historique que linguistique, religieux et artistique.<\/p>\n\n\n\n<p>Il a \u00e9galement insist\u00e9 sur le r\u00f4le central que joue la culture dans la consolidation de l\u2019identit\u00e9 nationale et dans le renforcement de la coop\u00e9ration r\u00e9gionale.<\/p>\n\n\n\n<h3 class=\"wp-block-heading\">La langue hassaniya comme vecteur de transmission<\/h3>\n\n\n\n<p>Le ministre a profit\u00e9 de cette tribune pour rappeler les efforts d\u00e9ploy\u00e9s par la Mauritanie en mati\u00e8re de <strong>codification, documentation et valorisation de la langue hassaniya<\/strong>, reconnue comme l\u2019un des vecteurs essentiels de la culture mauritanienne et saharienne. Il a soulign\u00e9 que \u00ab la hassaniya a su suivre le rythme de la recherche scientifique \u00bb et b\u00e9n\u00e9ficie d\u2019un traitement croissant dans les institutions universitaires, les m\u00e9dias et les espaces culturels.<\/p>\n\n\n\n<p>Cette valorisation linguistique fait partie int\u00e9grante de la politique culturelle nationale, ax\u00e9e sur la pr\u00e9servation du patrimoine immat\u00e9riel et la promotion des expressions artistiques locales.<\/p>\n\n\n\n<h3 class=\"wp-block-heading\">Des opportunit\u00e9s de coop\u00e9ration culturelle r\u00e9gionale<\/h3>\n\n\n\n<p>L\u2019\u00e9v\u00e9nement a permis d\u2019\u00e9tablir de nouveaux contacts entre la Mauritanie et les autres pays membres de la Ligue arabe en vue de lancer <strong>des projets communs dans les domaines des arts visuels, des lettres, du th\u00e9\u00e2tre et des m\u00e9dias<\/strong>. Nouakchott ambitionne de renforcer les \u00e9changes culturels, d&rsquo;accueillir des festivals arabes sur son sol, et de participer plus activement aux initiatives culturelles multilat\u00e9rales.<\/p>\n\n\n\n<p>Cette dynamique s\u2019inscrit dans une strat\u00e9gie plus large port\u00e9e par le gouvernement mauritanien, qui vise \u00e0 <strong>inscrire durablement la culture comme levier de d\u00e9veloppement, d\u2019int\u00e9gration r\u00e9gionale et de rayonnement international<\/strong>.<\/p>\n\n\n\n<h3 class=\"wp-block-heading\">Une diplomatie culturelle active<\/h3>\n\n\n\n<p>En marge de la c\u00e9r\u00e9monie, le ministre a tenu une s\u00e9rie de rencontres bilat\u00e9rales avec des repr\u00e9sentants de l\u2019ALECSO (Organisation arabe pour l\u2019\u00e9ducation, la culture et la science), de minist\u00e8res arabes de la culture et d\u2019instituts de formation artistique. Ces discussions ont port\u00e9 sur :<\/p>\n\n\n\n<ul class=\"wp-block-list\">\n<li>la formation de jeunes artistes,<\/li>\n\n\n\n<li>la num\u00e9risation du patrimoine mauritanien,<\/li>\n\n\n\n<li>la participation de la Mauritanie \u00e0 de grands salons culturels arabes.<\/li>\n<\/ul>\n","protected":false},"excerpt":{"rendered":"<p>Le ministre mauritanien de la Culture, des Arts, de la Jeunesse et des Sports, El&#8230;<\/p>\n","protected":false},"author":2,"featured_media":72,"comment_status":"open","ping_status":"open","sticky":false,"template":"","format":"standard","meta":{"footnotes":""},"categories":[13],"tags":[],"class_list":["post-71","post","type-post","status-publish","format-standard","has-post-thumbnail","hentry","category-culture-religion"],"_links":{"self":[{"href":"https:\/\/mauritanie-demain.org\/index.php\/wp-json\/wp\/v2\/posts\/71","targetHints":{"allow":["GET"]}}],"collection":[{"href":"https:\/\/mauritanie-demain.org\/index.php\/wp-json\/wp\/v2\/posts"}],"about":[{"href":"https:\/\/mauritanie-demain.org\/index.php\/wp-json\/wp\/v2\/types\/post"}],"author":[{"embeddable":true,"href":"https:\/\/mauritanie-demain.org\/index.php\/wp-json\/wp\/v2\/users\/2"}],"replies":[{"embeddable":true,"href":"https:\/\/mauritanie-demain.org\/index.php\/wp-json\/wp\/v2\/comments?post=71"}],"version-history":[{"count":1,"href":"https:\/\/mauritanie-demain.org\/index.php\/wp-json\/wp\/v2\/posts\/71\/revisions"}],"predecessor-version":[{"id":73,"href":"https:\/\/mauritanie-demain.org\/index.php\/wp-json\/wp\/v2\/posts\/71\/revisions\/73"}],"wp:featuredmedia":[{"embeddable":true,"href":"https:\/\/mauritanie-demain.org\/index.php\/wp-json\/wp\/v2\/media\/72"}],"wp:attachment":[{"href":"https:\/\/mauritanie-demain.org\/index.php\/wp-json\/wp\/v2\/media?parent=71"}],"wp:term":[{"taxonomy":"category","embeddable":true,"href":"https:\/\/mauritanie-demain.org\/index.php\/wp-json\/wp\/v2\/categories?post=71"},{"taxonomy":"post_tag","embeddable":true,"href":"https:\/\/mauritanie-demain.org\/index.php\/wp-json\/wp\/v2\/tags?post=71"}],"curies":[{"name":"wp","href":"https:\/\/api.w.org\/{rel}","templated":true}]}}