{"id":43,"date":"2025-07-08T22:15:57","date_gmt":"2025-07-08T22:15:57","guid":{"rendered":"https:\/\/mauritanie-demain.org\/?p=43"},"modified":"2025-07-08T22:15:57","modified_gmt":"2025-07-08T22:15:57","slug":"introduction-du-vaccin-hexavalent-pour-renforcer-la-couverture-vaccinale-infantile-en-mauritanie","status":"publish","type":"post","link":"https:\/\/mauritanie-demain.org\/index.php\/2025\/07\/08\/introduction-du-vaccin-hexavalent-pour-renforcer-la-couverture-vaccinale-infantile-en-mauritanie\/","title":{"rendered":"Introduction du vaccin hexavalent pour renforcer la couverture vaccinale infantile en Mauritanie"},"content":{"rendered":"\n<p><strong>Nouakchott, 30 juin 2025<\/strong> \u2013 Dans un effort continu pour am\u00e9liorer la sant\u00e9 des enfants, le minist\u00e8re de la Sant\u00e9 a annonc\u00e9 l\u2019introduction du <strong>vaccin hexavalent<\/strong> dans le Programme \u00c9largi de Vaccination (PEV). Cette initiative marque une avanc\u00e9e d\u00e9cisive pour la protection de la sant\u00e9 infantile sur le long terme .<\/p>\n\n\n\n<h3 class=\"wp-block-heading\">Objectifs et port\u00e9e de la mesure<\/h3>\n\n\n\n<p>L\u2019ajout du vaccin hexavalent \u2013 combinant la protection contre six maladies graves \u2013 permet de rationaliser les campagnes de vaccination. Il vise \u00e0 :<\/p>\n\n\n\n<ul class=\"wp-block-list\">\n<li>Assurer une <strong>protection plus large et plus efficace<\/strong> d\u00e8s les premi\u00e8res ann\u00e9es de vie.<\/li>\n\n\n\n<li>R\u00e9duire le nombre d\u2019injections et les rendez-vous m\u00e9dicaux pour les nourrissons.<\/li>\n\n\n\n<li>Aligner la Mauritanie sur les <strong>recommandations de l\u2019OMS<\/strong> en mati\u00e8re de vaccination syst\u00e9matique .<\/li>\n<\/ul>\n\n\n\n<h3 class=\"wp-block-heading\">Mise en \u0153uvre et synergies<\/h3>\n\n\n\n<p>Le lancement, op\u00e9r\u00e9 dans les structures de sant\u00e9 publique du pays, se fonde sur plusieurs mesures renforc\u00e9es :<\/p>\n\n\n\n<ul class=\"wp-block-list\">\n<li><strong>Sensibilisation accrue<\/strong> des familles par les professionnels de sant\u00e9.<\/li>\n\n\n\n<li><strong>Formation technique des agents vaccinaux<\/strong> pour assurer une administration conforme et s\u00e9curis\u00e9e.<\/li>\n\n\n\n<li><strong>Renforcement logistique<\/strong> : suivi des stocks et chaleur contr\u00f4le pour la cha\u00eene du froid, crucial pour la conservation du vaccin.<\/li>\n<\/ul>\n\n\n\n<p>Cette initiative s\u2019inscrit dans la continuit\u00e9 des efforts du gouvernement pour atteindre une couverture vaccinale maximale, en lien avec la strat\u00e9gie nationale de vaccination 2024\u20132028, financ\u00e9e notamment \u00e0 hauteur de 42\u202f% par l\u2019\u00c9tat <\/p>\n\n\n\n<h3 class=\"wp-block-heading\">Enjeux et impact attendu<\/h3>\n\n\n\n<p>L\u2019introduction de ce vaccin combin\u00e9 est porteuse de nombreux b\u00e9n\u00e9fices :<\/p>\n\n\n\n<ul class=\"wp-block-list\">\n<li>R\u00e9duction de la <strong>mortalit\u00e9 infantile<\/strong> en limitant les pathologies graves chez les nouveaux-n\u00e9s.<\/li>\n\n\n\n<li><strong>Diminution de la morbidit\u00e9<\/strong> li\u00e9e aux maladies cibles, am\u00e9liorant la sant\u00e9 globale des enfants.<\/li>\n\n\n\n<li><strong>Optimisation des ressources<\/strong> : efficacit\u00e9 renforc\u00e9e gr\u00e2ce \u00e0 des campagnes plus cibl\u00e9es et moins fr\u00e9quentes.<\/li>\n<\/ul>\n\n\n\n<h3 class=\"wp-block-heading\">Perspectives et engagements<\/h3>\n\n\n\n<p>Le minist\u00e8re de la Sant\u00e9 pr\u00e9voit d\u2019\u00e9valuer l\u2019impact sur une ann\u00e9e de mise en \u0153uvre, avec des rapports trimestriels sur la couverture et les effets observ\u00e9s. Un accent sera mis sur :<\/p>\n\n\n\n<ul class=\"wp-block-list\">\n<li>La <strong>surveillance \u00e9pid\u00e9miologique<\/strong> post-vaccination.<\/li>\n\n\n\n<li>Le <strong>soutien logistique<\/strong> dans les zones rurales \u00e9loign\u00e9es.<\/li>\n\n\n\n<li>L\u2019<strong>am\u00e9lioration continue<\/strong> de la strat\u00e9gie vaccinale, en vue d\u2019atteindre les Objectifs de D\u00e9veloppement Durable.<\/li>\n<\/ul>\n","protected":false},"excerpt":{"rendered":"<p>Nouakchott, 30 juin 2025 \u2013 Dans un effort continu pour am\u00e9liorer la sant\u00e9 des enfants,&#8230;<\/p>\n","protected":false},"author":2,"featured_media":44,"comment_status":"open","ping_status":"open","sticky":false,"template":"","format":"standard","meta":{"footnotes":""},"categories":[15],"tags":[],"class_list":["post-43","post","type-post","status-publish","format-standard","has-post-thumbnail","hentry","category-sante"],"_links":{"self":[{"href":"https:\/\/mauritanie-demain.org\/index.php\/wp-json\/wp\/v2\/posts\/43","targetHints":{"allow":["GET"]}}],"collection":[{"href":"https:\/\/mauritanie-demain.org\/index.php\/wp-json\/wp\/v2\/posts"}],"about":[{"href":"https:\/\/mauritanie-demain.org\/index.php\/wp-json\/wp\/v2\/types\/post"}],"author":[{"embeddable":true,"href":"https:\/\/mauritanie-demain.org\/index.php\/wp-json\/wp\/v2\/users\/2"}],"replies":[{"embeddable":true,"href":"https:\/\/mauritanie-demain.org\/index.php\/wp-json\/wp\/v2\/comments?post=43"}],"version-history":[{"count":1,"href":"https:\/\/mauritanie-demain.org\/index.php\/wp-json\/wp\/v2\/posts\/43\/revisions"}],"predecessor-version":[{"id":45,"href":"https:\/\/mauritanie-demain.org\/index.php\/wp-json\/wp\/v2\/posts\/43\/revisions\/45"}],"wp:featuredmedia":[{"embeddable":true,"href":"https:\/\/mauritanie-demain.org\/index.php\/wp-json\/wp\/v2\/media\/44"}],"wp:attachment":[{"href":"https:\/\/mauritanie-demain.org\/index.php\/wp-json\/wp\/v2\/media?parent=43"}],"wp:term":[{"taxonomy":"category","embeddable":true,"href":"https:\/\/mauritanie-demain.org\/index.php\/wp-json\/wp\/v2\/categories?post=43"},{"taxonomy":"post_tag","embeddable":true,"href":"https:\/\/mauritanie-demain.org\/index.php\/wp-json\/wp\/v2\/tags?post=43"}],"curies":[{"name":"wp","href":"https:\/\/api.w.org\/{rel}","templated":true}]}}