{"id":40,"date":"2025-07-08T22:12:30","date_gmt":"2025-07-08T22:12:30","guid":{"rendered":"https:\/\/mauritanie-demain.org\/?p=40"},"modified":"2025-07-08T22:12:30","modified_gmt":"2025-07-08T22:12:30","slug":"lunion-europeenne-renforce-significativement-son-soutien-a-la-securite-mauritanienne","status":"publish","type":"post","link":"https:\/\/mauritanie-demain.org\/index.php\/2025\/07\/08\/lunion-europeenne-renforce-significativement-son-soutien-a-la-securite-mauritanienne\/","title":{"rendered":"L\u2019Union europ\u00e9enne renforce significativement son soutien \u00e0 la s\u00e9curit\u00e9 mauritanienne"},"content":{"rendered":"\n<p><strong>Nouakchott, d\u00e9but juillet 2025<\/strong> \u2013 Dans un contexte r\u00e9gional toujours tendu et face aux menaces s\u00e9curitaires au Sahel, l\u2019Union europ\u00e9enne (UE) augmente de mani\u00e8re cons\u00e9quente son assistance \u00e0 la Mauritanie. Lors d\u2019une visite officielle \u00e0 Nouakchott, la pr\u00e9sidente de la Commission europ\u00e9enne, Ursula von der Leyen, a confirm\u00e9 que l\u2019UE doublera son appui \u00e0 la s\u00e9curit\u00e9 nationale mauritanienne, le portant \u00e0 <strong>40 millions d\u2019euros en 2025<\/strong> .<\/p>\n\n\n\n<h3 class=\"wp-block-heading\">Renforcement mat\u00e9riel et formation cibl\u00e9e<\/h3>\n\n\n\n<p>Les fonds suppl\u00e9mentaires allou\u00e9s seront notamment consacr\u00e9s aux axes suivants :<\/p>\n\n\n\n<ul class=\"wp-block-list\">\n<li><strong>Acquisition d\u2019\u00e9quipements militaires<\/strong> : v\u00e9hicules blind\u00e9s, radars, dispositifs de surveillance pour renforcer les capacit\u00e9s de d\u00e9fense et de d\u00e9ploiement.<\/li>\n\n\n\n<li><strong>S\u00e9curisation des fronti\u00e8res<\/strong> : installation d\u2019infrastructures et dispositifs le long du corridor \u00e0 l\u2019est, en particulier face aux zones instables \u00e0 la fronti\u00e8re malienne.<\/li>\n\n\n\n<li><strong>Formation d\u2019officiers<\/strong> : le partenariat pr\u00e9voit le renforcement des comp\u00e9tences des forces nationales via des programmes d&rsquo;instruction au Coll\u00e8ge de d\u00e9fense et dans les structures militaires mauritaniennes <a href=\"https:\/\/www.afrik.com\/securite-au-sahel-comment-la-mauritanie-parvient-a-rester-hors-du-chaos-regional?utm_source=chatgpt.com\" target=\"_blank\" rel=\"noreferrer noopener\">afrik.com<\/a>.<\/li>\n<\/ul>\n\n\n\n<h3 class=\"wp-block-heading\">Contexte et enjeux r\u00e9gionaux<\/h3>\n\n\n\n<ol class=\"wp-block-list\">\n<li><strong>R\u00f4le de stabilisateur<\/strong> : la Mauritanie, du fait de sa stabilit\u00e9 relative, devient un pivot diplomatique et s\u00e9curitaire dans le Sahel. L\u2019UE souligne que cet appui traduit la confiance dans la capacit\u00e9 de Nouakchott \u00e0 agir efficacement contre les menaces transfrontali\u00e8res<\/li>\n\n\n\n<li><strong>Partenariat strat\u00e9gique<\/strong> : la visite conjointe d\u2019Ursula von der Leyen et du Premier ministre espagnol Pedro S\u00e1nchez t\u00e9moigne de la volont\u00e9 europ\u00e9enne de consolider son alliance avec la Mauritanie face aux crises migratoires et s\u00e9curitaires.<\/li>\n\n\n\n<li><strong>Enjeux Sahel-M\u00e9diterran\u00e9e<\/strong> : la coop\u00e9ration s\u00e9curitaire s\u2019inscrit dans un cadre plus large, r\u00e9pondant aux priorit\u00e9s de lutte contre le terrorisme, le trafic ill\u00e9gal et l\u2019instabilit\u00e9 dans la r\u00e9gion .<\/li>\n<\/ol>\n\n\n\n<h3 class=\"wp-block-heading\">Retomb\u00e9es attendues<\/h3>\n\n\n\n<ul class=\"wp-block-list\">\n<li><strong>Am\u00e9lioration des capacit\u00e9s<\/strong> : les unit\u00e9s s\u00e9curis\u00e9es en zones sensibles auront davantage de moyens mat\u00e9riels et techniques.<\/li>\n\n\n\n<li><strong>Renforcement institutionnel<\/strong> : la formation des officiers et la modernisation des forces permettront une meilleure coordination et efficacit\u00e9.<\/li>\n\n\n\n<li><strong>Effet dissuasif<\/strong> : des fronti\u00e8res mieux surveill\u00e9es r\u00e9duiront les infiltrations de groupes arm\u00e9s ou trafiquants.<\/li>\n<\/ul>\n\n\n\n<h3 class=\"wp-block-heading\">Risques et d\u00e9fis<\/h3>\n\n\n\n<ul class=\"wp-block-list\">\n<li><strong>Suivi et transparence<\/strong> : la bonne gestion et tra\u00e7abilit\u00e9 de ces fonds restent essentielles pour garantir leur impact r\u00e9el.<\/li>\n\n\n\n<li><strong>Coordination r\u00e9gionale<\/strong> : la Mauritanie devra aligner cette coop\u00e9ration avec les efforts de ses voisins pour \u00e9viter toute fragmentation des actions.<\/li>\n\n\n\n<li><strong>Soutien \u00e0 long terme<\/strong> : la durabilit\u00e9 de ce partenariat d\u00e9pendra de l\u2019engagement continu de l\u2019UE et d\u2019autres bailleurs.<\/li>\n<\/ul>\n","protected":false},"excerpt":{"rendered":"<p>Nouakchott, d\u00e9but juillet 2025 \u2013 Dans un contexte r\u00e9gional toujours tendu et face aux menaces&#8230;<\/p>\n","protected":false},"author":2,"featured_media":41,"comment_status":"open","ping_status":"open","sticky":false,"template":"","format":"standard","meta":{"footnotes":""},"categories":[14],"tags":[],"class_list":["post-40","post","type-post","status-publish","format-standard","has-post-thumbnail","hentry","category-securite"],"_links":{"self":[{"href":"https:\/\/mauritanie-demain.org\/index.php\/wp-json\/wp\/v2\/posts\/40","targetHints":{"allow":["GET"]}}],"collection":[{"href":"https:\/\/mauritanie-demain.org\/index.php\/wp-json\/wp\/v2\/posts"}],"about":[{"href":"https:\/\/mauritanie-demain.org\/index.php\/wp-json\/wp\/v2\/types\/post"}],"author":[{"embeddable":true,"href":"https:\/\/mauritanie-demain.org\/index.php\/wp-json\/wp\/v2\/users\/2"}],"replies":[{"embeddable":true,"href":"https:\/\/mauritanie-demain.org\/index.php\/wp-json\/wp\/v2\/comments?post=40"}],"version-history":[{"count":1,"href":"https:\/\/mauritanie-demain.org\/index.php\/wp-json\/wp\/v2\/posts\/40\/revisions"}],"predecessor-version":[{"id":42,"href":"https:\/\/mauritanie-demain.org\/index.php\/wp-json\/wp\/v2\/posts\/40\/revisions\/42"}],"wp:featuredmedia":[{"embeddable":true,"href":"https:\/\/mauritanie-demain.org\/index.php\/wp-json\/wp\/v2\/media\/41"}],"wp:attachment":[{"href":"https:\/\/mauritanie-demain.org\/index.php\/wp-json\/wp\/v2\/media?parent=40"}],"wp:term":[{"taxonomy":"category","embeddable":true,"href":"https:\/\/mauritanie-demain.org\/index.php\/wp-json\/wp\/v2\/categories?post=40"},{"taxonomy":"post_tag","embeddable":true,"href":"https:\/\/mauritanie-demain.org\/index.php\/wp-json\/wp\/v2\/tags?post=40"}],"curies":[{"name":"wp","href":"https:\/\/api.w.org\/{rel}","templated":true}]}}