{"id":342,"date":"2025-11-12T19:41:58","date_gmt":"2025-11-12T19:41:58","guid":{"rendered":"https:\/\/mauritanie-demain.org\/?p=342"},"modified":"2025-11-12T19:41:59","modified_gmt":"2025-11-12T19:41:59","slug":"mauritanie-les-personnes-citees-dans-le-rapport-de-la-cour-des-comptes-transferees-a-la-police-des-crimes-economiques","status":"publish","type":"post","link":"https:\/\/mauritanie-demain.org\/index.php\/2025\/11\/12\/mauritanie-les-personnes-citees-dans-le-rapport-de-la-cour-des-comptes-transferees-a-la-police-des-crimes-economiques\/","title":{"rendered":"Mauritanie : les personnes cit\u00e9es dans le rapport de la Cour des comptes transf\u00e9r\u00e9es \u00e0 la police des crimes \u00e9conomiques"},"content":{"rendered":"\n<p>Le parquet mauritanien a annonc\u00e9 mardi soir avoir boucl\u00e9 la premi\u00e8re phase d\u2019audition des responsables mis en cause dans le rapport de la Cour des comptes, avant de les transf\u00e9rer \u00e0 la Police des crimes \u00e9conomiques pour la suite de l\u2019enqu\u00eate.<\/p>\n\n\n\n<p>Selon les autorit\u00e9s judiciaires, de nouveaux interrogatoires seront organis\u00e9s dans les prochains jours, sans calendrier pr\u00e9cis pour le moment. Cette d\u00e9cision vise \u00e0 approfondir les investigations dans un dossier qui alimente le d\u00e9bat public depuis plusieurs semaines.<\/p>\n\n\n\n<p>Au total, trente personnes sont concern\u00e9es par cette affaire, dont plusieurs anciens hauts fonctionnaires et gestionnaires publics. Vingt d\u2019entre elles avaient d\u00e9j\u00e0 \u00e9t\u00e9 suspendues ou relev\u00e9es de leurs fonctions par le gouvernement \u00e0 la suite des conclusions de la Cour, tandis que les autres ne d\u00e9tenaient plus de poste au moment de l\u2019ouverture de l\u2019enqu\u00eate.<\/p>\n\n\n\n<p>Le rapport de la Cour des comptes avait mis en lumi\u00e8re des irr\u00e9gularit\u00e9s dans la gestion de fonds publics et des soup\u00e7ons de d\u00e9tournement, d\u00e9clenchant une s\u00e9rie de proc\u00e9dures judiciaires. Les investigations en cours devraient permettre de d\u00e9terminer les responsabilit\u00e9s pr\u00e9cises et d\u2019\u00e9valuer l\u2019ampleur des pr\u00e9judices subis par l\u2019\u00c9tat.<\/p>\n\n\n\n<p>Ce renvoi marque une nouvelle \u00e9tape dans la volont\u00e9 affich\u00e9e des autorit\u00e9s mauritaniennes de renforcer la transparence et la redevabilit\u00e9 dans la gestion publique, alors que la lutte contre la corruption figure parmi les priorit\u00e9s du gouvernement.<\/p>\n","protected":false},"excerpt":{"rendered":"<p>Le parquet mauritanien a annonc\u00e9 mardi soir avoir boucl\u00e9 la premi\u00e8re phase d\u2019audition des responsables&#8230;<\/p>\n","protected":false},"author":4,"featured_media":343,"comment_status":"open","ping_status":"open","sticky":false,"template":"","format":"standard","meta":{"footnotes":""},"categories":[3],"tags":[],"class_list":["post-342","post","type-post","status-publish","format-standard","has-post-thumbnail","hentry","category-politique-et-democratie"],"_links":{"self":[{"href":"https:\/\/mauritanie-demain.org\/index.php\/wp-json\/wp\/v2\/posts\/342","targetHints":{"allow":["GET"]}}],"collection":[{"href":"https:\/\/mauritanie-demain.org\/index.php\/wp-json\/wp\/v2\/posts"}],"about":[{"href":"https:\/\/mauritanie-demain.org\/index.php\/wp-json\/wp\/v2\/types\/post"}],"author":[{"embeddable":true,"href":"https:\/\/mauritanie-demain.org\/index.php\/wp-json\/wp\/v2\/users\/4"}],"replies":[{"embeddable":true,"href":"https:\/\/mauritanie-demain.org\/index.php\/wp-json\/wp\/v2\/comments?post=342"}],"version-history":[{"count":1,"href":"https:\/\/mauritanie-demain.org\/index.php\/wp-json\/wp\/v2\/posts\/342\/revisions"}],"predecessor-version":[{"id":344,"href":"https:\/\/mauritanie-demain.org\/index.php\/wp-json\/wp\/v2\/posts\/342\/revisions\/344"}],"wp:featuredmedia":[{"embeddable":true,"href":"https:\/\/mauritanie-demain.org\/index.php\/wp-json\/wp\/v2\/media\/343"}],"wp:attachment":[{"href":"https:\/\/mauritanie-demain.org\/index.php\/wp-json\/wp\/v2\/media?parent=342"}],"wp:term":[{"taxonomy":"category","embeddable":true,"href":"https:\/\/mauritanie-demain.org\/index.php\/wp-json\/wp\/v2\/categories?post=342"},{"taxonomy":"post_tag","embeddable":true,"href":"https:\/\/mauritanie-demain.org\/index.php\/wp-json\/wp\/v2\/tags?post=342"}],"curies":[{"name":"wp","href":"https:\/\/api.w.org\/{rel}","templated":true}]}}