{"id":339,"date":"2025-11-12T19:20:16","date_gmt":"2025-11-12T19:20:16","guid":{"rendered":"https:\/\/mauritanie-demain.org\/?p=339"},"modified":"2025-11-12T19:20:16","modified_gmt":"2025-11-12T19:20:16","slug":"mauritanie-ghazouani-annonce-avoir-recu-des-assurances-du-mali-sur-la-reouverture-des-commerces-mauritaniens-fermes","status":"publish","type":"post","link":"https:\/\/mauritanie-demain.org\/index.php\/2025\/11\/12\/mauritanie-ghazouani-annonce-avoir-recu-des-assurances-du-mali-sur-la-reouverture-des-commerces-mauritaniens-fermes\/","title":{"rendered":"Mauritanie : Ghazouani annonce avoir re\u00e7u des assurances du Mali sur la r\u00e9ouverture des commerces mauritaniens ferm\u00e9s"},"content":{"rendered":"\n<p>Le pr\u00e9sident mauritanien Mohamed Ould Cheikh El Ghazouani a d\u00e9clar\u00e9 lundi avoir re\u00e7u des assurances des autorit\u00e9s maliennes concernant la r\u00e9ouverture prochaine des commerces appartenant \u00e0 des Mauritaniens, r\u00e9cemment ferm\u00e9s dans plusieurs localit\u00e9s du Mali.<\/p>\n\n\n\n<p>S\u2019exprimant depuis Adel Bagrou, dans l\u2019est du pays, le chef de l\u2019\u00c9tat a indiqu\u00e9 que le gouvernement mauritanien attend d\u00e9sormais la mise en \u0153uvre concr\u00e8te de cet engagement apr\u00e8s l\u2019accomplissement des formalit\u00e9s n\u00e9cessaires. Ces fermetures avaient suscit\u00e9 de fortes inqui\u00e9tudes parmi les commer\u00e7ants mauritaniens install\u00e9s au Mali.<\/p>\n\n\n\n<p>Mohamed Ould Cheikh El Ghazouani a par ailleurs r\u00e9affirm\u00e9 la volont\u00e9 de la Mauritanie de pr\u00e9server ses liens avec le Mali, rappelant que \u00ab les Maliens sont les bienvenus en Mauritanie, \u00e0 condition d\u2019y entrer dans le respect des lois et r\u00e8glements en vigueur \u00bb.<\/p>\n\n\n\n<p>Le pr\u00e9sident a soulign\u00e9 les liens historiques et familiaux profonds qui unissent les deux peuples, tout en pr\u00e9cisant que les ressortissants maliens doivent conserver leur nationalit\u00e9 d\u2019origine tant qu\u2019ils n\u2019ont pas obtenu la nationalit\u00e9 mauritanienne par les voies l\u00e9gales.<\/p>\n\n\n\n<p>Cette d\u00e9claration intervient alors que Nouakchott multiplie les d\u00e9marches diplomatiques pour r\u00e9soudre les tensions li\u00e9es \u00e0 la fermeture de commerces mauritaniens au Mali, un dossier suivi de pr\u00e8s par les deux gouvernements.<\/p>\n","protected":false},"excerpt":{"rendered":"<p>Le pr\u00e9sident mauritanien Mohamed Ould Cheikh El Ghazouani a d\u00e9clar\u00e9 lundi avoir re\u00e7u des assurances&#8230;<\/p>\n","protected":false},"author":4,"featured_media":340,"comment_status":"open","ping_status":"open","sticky":false,"template":"","format":"standard","meta":{"footnotes":""},"categories":[5],"tags":[],"class_list":["post-339","post","type-post","status-publish","format-standard","has-post-thumbnail","hentry","category-economie"],"_links":{"self":[{"href":"https:\/\/mauritanie-demain.org\/index.php\/wp-json\/wp\/v2\/posts\/339","targetHints":{"allow":["GET"]}}],"collection":[{"href":"https:\/\/mauritanie-demain.org\/index.php\/wp-json\/wp\/v2\/posts"}],"about":[{"href":"https:\/\/mauritanie-demain.org\/index.php\/wp-json\/wp\/v2\/types\/post"}],"author":[{"embeddable":true,"href":"https:\/\/mauritanie-demain.org\/index.php\/wp-json\/wp\/v2\/users\/4"}],"replies":[{"embeddable":true,"href":"https:\/\/mauritanie-demain.org\/index.php\/wp-json\/wp\/v2\/comments?post=339"}],"version-history":[{"count":1,"href":"https:\/\/mauritanie-demain.org\/index.php\/wp-json\/wp\/v2\/posts\/339\/revisions"}],"predecessor-version":[{"id":341,"href":"https:\/\/mauritanie-demain.org\/index.php\/wp-json\/wp\/v2\/posts\/339\/revisions\/341"}],"wp:featuredmedia":[{"embeddable":true,"href":"https:\/\/mauritanie-demain.org\/index.php\/wp-json\/wp\/v2\/media\/340"}],"wp:attachment":[{"href":"https:\/\/mauritanie-demain.org\/index.php\/wp-json\/wp\/v2\/media?parent=339"}],"wp:term":[{"taxonomy":"category","embeddable":true,"href":"https:\/\/mauritanie-demain.org\/index.php\/wp-json\/wp\/v2\/categories?post=339"},{"taxonomy":"post_tag","embeddable":true,"href":"https:\/\/mauritanie-demain.org\/index.php\/wp-json\/wp\/v2\/tags?post=339"}],"curies":[{"name":"wp","href":"https:\/\/api.w.org\/{rel}","templated":true}]}}