{"id":329,"date":"2025-10-29T09:48:12","date_gmt":"2025-10-29T09:48:12","guid":{"rendered":"https:\/\/mauritanie-demain.org\/?p=329"},"modified":"2025-10-29T09:48:13","modified_gmt":"2025-10-29T09:48:13","slug":"senegal-mauritanie-un-partenariat-renforce-face-a-la-tempete-sahelienne","status":"publish","type":"post","link":"https:\/\/mauritanie-demain.org\/index.php\/2025\/10\/29\/senegal-mauritanie-un-partenariat-renforce-face-a-la-tempete-sahelienne\/","title":{"rendered":"S\u00e9n\u00e9gal\u2013Mauritanie : un partenariat renforc\u00e9 face \u00e0 la temp\u00eate sah\u00e9lienne"},"content":{"rendered":"\n<p>Les 23 et 24 octobre 2025, le ministre s\u00e9n\u00e9galais de l\u2019Int\u00e9gration africaine, des Affaires \u00e9trang\u00e8res et des S\u00e9n\u00e9galais de l\u2019Ext\u00e9rieur, Cheikh Niang, a effectu\u00e9 une visite officielle \u00e0 Nouakchott. Deux jours d\u2019\u00e9changes intenses avec son homologue mauritanien Mohamed Salem Ould Merzoug et le Premier ministre Mokhtar Ould Diay, sur fond de crise r\u00e9gionale et de nouvelles convergences strat\u00e9giques.<\/p>\n\n\n\n<h3 class=\"wp-block-heading\">La s\u00e9curit\u00e9 en ligne de front<\/h3>\n\n\n\n<p>La coop\u00e9ration s\u00e9curitaire a domin\u00e9 les discussions. \u00c0 mesure que le chaos s\u2019installe au Mali voisin, la Mauritanie et le S\u00e9n\u00e9gal resserrent leurs rangs pour \u00e9viter tout d\u00e9bordement.<br>\u00ab La situation s\u00e9curitaire s\u2019impose aux deux pays. La d\u00e9cision d\u2019organiser une coop\u00e9ration militaire pour s\u00e9curiser leur fronti\u00e8re tombe sous le sens \u00bb, explique Boubacar Ba, analyste politique s\u00e9n\u00e9galais.<\/p>\n\n\n\n<p>Avec plus de 800 kilom\u00e8tres de fronti\u00e8re commune et une longue histoire partag\u00e9e, les deux pays savent que leur stabilit\u00e9 est \u00e9troitement li\u00e9e.<br>\u00ab Ce qui se passe aujourd\u2019hui au Mali est une catastrophe : malgr\u00e9 la pr\u00e9sence des mercenaires russes, Bamako est quasiment en \u00e9tat de si\u00e8ge \u00bb, poursuit l\u2019analyste.<\/p>\n\n\n\n<p>La multiplication des attaques dans la r\u00e9gion, notamment celle du 8 octobre qui a vis\u00e9 plus d\u2019une centaine de camions-citernes au Mali, illustre la gravit\u00e9 de la menace. Pour les deux capitales, l\u2019heure est \u00e0 la pr\u00e9vention et au renseignement partag\u00e9.<\/p>\n\n\n\n<h3 class=\"wp-block-heading\">S\u00e9curit\u00e9, migration et \u00e9nergie : le triptyque du partenariat<\/h3>\n\n\n\n<p>Outre la coop\u00e9ration militaire, la visite de Cheikh Niang visait \u00e0 consolider un partenariat global, articul\u00e9 autour de la gestion des flux migratoires et du d\u00e9veloppement \u00e9nerg\u00e9tique.<br>Les deux \u00c9tats coordonnent d\u00e9j\u00e0 leurs efforts dans le cadre du projet gazier Grand Tortue Ahmeyim (GTA), op\u00e9r\u00e9 par BP et Kosmos Energy, et pr\u00e9sent\u00e9 comme l\u2019un des plus ambitieux d\u2019Afrique de l\u2019Ouest.<\/p>\n\n\n\n<p>Entr\u00e9 en production au printemps 2025, le champ offshore situ\u00e9 \u00e0 la fronti\u00e8re maritime des deux pays doit livrer 2,3 millions de tonnes de gaz naturel liqu\u00e9fi\u00e9 (GNL) par an.<br>Un projet strat\u00e9gique pour Dakar comme pour Nouakchott, qui esp\u00e8rent en tirer des revenus substantiels tout en renfor\u00e7ant leur interd\u00e9pendance \u00e9conomique.<\/p>\n\n\n\n<h3 class=\"wp-block-heading\">Une entente dict\u00e9e par les r\u00e9alit\u00e9s r\u00e9gionales<\/h3>\n\n\n\n<p>Au-del\u00e0 des accords, c\u2019est une vision commune de la stabilit\u00e9 qui semble \u00e9merger.<br>\u00ab Pr\u00e9venir vaut mieux que gu\u00e9rir, souligne Boubacar Ba. Les S\u00e9n\u00e9galais et les Mauritaniens ont tout int\u00e9r\u00eat \u00e0 coop\u00e9rer pour assurer la s\u00e9curit\u00e9 de leur fronti\u00e8re et \u00e9changer leurs renseignements, car la guerre contre les djihadistes est aussi une guerre de l\u2019information. \u00bb<\/p>\n\n\n\n<p>Face \u00e0 un Sahel fragment\u00e9 et \u00e0 la mont\u00e9e des risques, le tandem s\u00e9n\u00e9galo-mauritanien se positionne comme un nouvel axe de stabilit\u00e9 dans l\u2019espace atlantique ouest-africain. Entre r\u00e9alisme s\u00e9curitaire et convergence \u00e9nerg\u00e9tique, Dakar et Nouakchott tracent les contours d\u2019un partenariat appel\u00e9 \u00e0 peser dans la recomposition g\u00e9opolitique r\u00e9gionale.<\/p>\n\n\n\n<p><\/p>\n","protected":false},"excerpt":{"rendered":"<p>Les 23 et 24 octobre 2025, le ministre s\u00e9n\u00e9galais de l\u2019Int\u00e9gration africaine, des Affaires \u00e9trang\u00e8res&#8230;<\/p>\n","protected":false},"author":4,"featured_media":330,"comment_status":"open","ping_status":"open","sticky":false,"template":"","format":"standard","meta":{"footnotes":""},"categories":[3],"tags":[],"class_list":["post-329","post","type-post","status-publish","format-standard","has-post-thumbnail","hentry","category-politique-et-democratie"],"_links":{"self":[{"href":"https:\/\/mauritanie-demain.org\/index.php\/wp-json\/wp\/v2\/posts\/329","targetHints":{"allow":["GET"]}}],"collection":[{"href":"https:\/\/mauritanie-demain.org\/index.php\/wp-json\/wp\/v2\/posts"}],"about":[{"href":"https:\/\/mauritanie-demain.org\/index.php\/wp-json\/wp\/v2\/types\/post"}],"author":[{"embeddable":true,"href":"https:\/\/mauritanie-demain.org\/index.php\/wp-json\/wp\/v2\/users\/4"}],"replies":[{"embeddable":true,"href":"https:\/\/mauritanie-demain.org\/index.php\/wp-json\/wp\/v2\/comments?post=329"}],"version-history":[{"count":1,"href":"https:\/\/mauritanie-demain.org\/index.php\/wp-json\/wp\/v2\/posts\/329\/revisions"}],"predecessor-version":[{"id":331,"href":"https:\/\/mauritanie-demain.org\/index.php\/wp-json\/wp\/v2\/posts\/329\/revisions\/331"}],"wp:featuredmedia":[{"embeddable":true,"href":"https:\/\/mauritanie-demain.org\/index.php\/wp-json\/wp\/v2\/media\/330"}],"wp:attachment":[{"href":"https:\/\/mauritanie-demain.org\/index.php\/wp-json\/wp\/v2\/media?parent=329"}],"wp:term":[{"taxonomy":"category","embeddable":true,"href":"https:\/\/mauritanie-demain.org\/index.php\/wp-json\/wp\/v2\/categories?post=329"},{"taxonomy":"post_tag","embeddable":true,"href":"https:\/\/mauritanie-demain.org\/index.php\/wp-json\/wp\/v2\/tags?post=329"}],"curies":[{"name":"wp","href":"https:\/\/api.w.org\/{rel}","templated":true}]}}