{"id":323,"date":"2025-10-29T09:23:42","date_gmt":"2025-10-29T09:23:42","guid":{"rendered":"https:\/\/mauritanie-demain.org\/?p=323"},"modified":"2025-10-29T09:23:42","modified_gmt":"2025-10-29T09:23:42","slug":"mauritanie-ghazouani-promet-de-sattaquer-aux-causes-profondes-de-limmigration-clandestine","status":"publish","type":"post","link":"https:\/\/mauritanie-demain.org\/index.php\/2025\/10\/29\/mauritanie-ghazouani-promet-de-sattaquer-aux-causes-profondes-de-limmigration-clandestine\/","title":{"rendered":"Mauritanie : Ghazouani promet de s\u2019attaquer aux causes profondes de l\u2019immigration clandestine"},"content":{"rendered":"\n<p>Le pr\u00e9sident mauritanien Mohamed Ould Cheikh El Ghazouani a r\u00e9affirm\u00e9 la d\u00e9termination de son gouvernement \u00e0 combattre les causes structurelles qui poussent les jeunes \u00e0 quitter le pays par des voies irr\u00e9guli\u00e8res. Dans un entretien accord\u00e9 au quotidien saoudien <em>Al-Sharq Al-Awsat<\/em>, il a soulign\u00e9 que la question migratoire d\u00e9passe les fronti\u00e8res nationales et touche d\u00e9sormais \u00ab l\u2019ensemble du continent africain, voire le monde entier \u00bb.<\/p>\n\n\n\n<h3 class=\"wp-block-heading\">Une r\u00e9ponse \u00ab globale \u00bb \u00e0 un d\u00e9fi r\u00e9gional<\/h3>\n\n\n\n<p>Pour le chef de l\u2019\u00c9tat, la Mauritanie fait face \u00e0 une r\u00e9alit\u00e9 partag\u00e9e par de nombreux pays du Sahel et du Maghreb : le d\u00e9sespoir \u00e9conomique et l\u2019absence d\u2019opportunit\u00e9s pour la jeunesse. \u00ab Nous n\u2019avons m\u00e9nag\u00e9 aucun effort pour relever les d\u00e9fis qui poussent nos jeunes \u00e0 l\u2019immigration clandestine \u00bb, a-t-il insist\u00e9.<br>Selon lui, cette lutte passe par une approche globale, combinant r\u00e9formes structurelles, soutien \u00e0 l\u2019emploi et d\u00e9veloppement local.<\/p>\n\n\n\n<h3 class=\"wp-block-heading\">\u00c9ducation et formation au c\u0153ur de la strat\u00e9gie<\/h3>\n\n\n\n<p>Parmi les leviers mis en avant, le pr\u00e9sident cite la refonte du syst\u00e8me \u00e9ducatif et la modernisation de la formation technique et professionnelle. L\u2019objectif : mieux adapter les comp\u00e9tences aux besoins du march\u00e9 du travail mauritanien, encore largement domin\u00e9 par le secteur informel.<br>\u00ab Nous avons lanc\u00e9 des programmes d\u2019apprentissage et encourag\u00e9 l\u2019entrepreneuriat des jeunes, notamment dans le commerce, les technologies et l\u2019agro-industrie \u00bb, a-t-il pr\u00e9cis\u00e9.<\/p>\n\n\n\n<h3 class=\"wp-block-heading\">Diversifier l\u2019\u00e9conomie, cr\u00e9er des emplois<\/h3>\n\n\n\n<p>Ghazouani a \u00e9galement rappel\u00e9 les efforts entrepris pour diversifier l\u2019\u00e9conomie, traditionnellement d\u00e9pendante des exportations mini\u00e8res et halieutiques. Son gouvernement affirme miser sur les secteurs productifs \u2013 agriculture, p\u00eache, \u00e9nergie renouvelable \u2013 et sur la promotion du secteur priv\u00e9, consid\u00e9r\u00e9 comme moteur de la cr\u00e9ation d\u2019emplois durables.<\/p>\n\n\n\n<h3 class=\"wp-block-heading\">Lutter contre la pauvret\u00e9 et la marginalisation<\/h3>\n\n\n\n<p>Le pr\u00e9sident mauritanien a enfin reconnu que la pauvret\u00e9 et la marginalisation restent des facteurs majeurs d\u2019\u00e9migration. Il assure avoir pris des mesures \u00ab strat\u00e9giques \u00bb pour renforcer la coh\u00e9sion sociale, am\u00e9liorer l\u2019acc\u00e8s aux services de base et soutenir les zones rurales souvent laiss\u00e9es pour compte.<br>Cette politique s\u2019inscrit dans la continuit\u00e9 de la strat\u00e9gie nationale de croissance inclusive, lanc\u00e9e \u00e0 son arriv\u00e9e au pouvoir en 2019.<\/p>\n\n\n\n<h3 class=\"wp-block-heading\">Entre ambition et scepticisme<\/h3>\n\n\n\n<p>Si le discours du chef de l\u2019\u00c9tat met l\u2019accent sur la pr\u00e9vention, de nombreux observateurs estiment que la mise en \u0153uvre des r\u00e9formes reste in\u00e9gale. Le ch\u00f4mage des jeunes, qui d\u00e9passe 30 % selon certaines estimations, demeure un frein majeur.<br>Les routes migratoires vers l\u2019Europe continuent, elles, de se densifier : selon l\u2019Organisation internationale pour les migrations (OIM), le nombre de d\u00e9parts depuis les c\u00f4tes mauritaniennes vers les Canaries a doubl\u00e9 en 2025 par rapport \u00e0 l\u2019an dernier.<\/p>\n\n\n\n<h3 class=\"wp-block-heading\">Un \u00e9quilibre d\u00e9licat<\/h3>\n\n\n\n<p>Entre les attentes d\u2019une jeunesse en qu\u00eate d\u2019avenir et la pression croissante des partenaires europ\u00e9ens pour freiner les flux migratoires, Nouakchott tente de maintenir un \u00e9quilibre. Pour Mohamed Ould Cheikh El Ghazouani, \u00ab lutter contre l\u2019immigration clandestine, c\u2019est avant tout redonner confiance aux jeunes en leur propre pays \u00bb.<\/p>\n","protected":false},"excerpt":{"rendered":"<p>Le pr\u00e9sident mauritanien Mohamed Ould Cheikh El Ghazouani a r\u00e9affirm\u00e9 la d\u00e9termination de son gouvernement&#8230;<\/p>\n","protected":false},"author":4,"featured_media":324,"comment_status":"open","ping_status":"open","sticky":false,"template":"","format":"standard","meta":{"footnotes":""},"categories":[6],"tags":[],"class_list":["post-323","post","type-post","status-publish","format-standard","has-post-thumbnail","hentry","category-societe"],"_links":{"self":[{"href":"https:\/\/mauritanie-demain.org\/index.php\/wp-json\/wp\/v2\/posts\/323","targetHints":{"allow":["GET"]}}],"collection":[{"href":"https:\/\/mauritanie-demain.org\/index.php\/wp-json\/wp\/v2\/posts"}],"about":[{"href":"https:\/\/mauritanie-demain.org\/index.php\/wp-json\/wp\/v2\/types\/post"}],"author":[{"embeddable":true,"href":"https:\/\/mauritanie-demain.org\/index.php\/wp-json\/wp\/v2\/users\/4"}],"replies":[{"embeddable":true,"href":"https:\/\/mauritanie-demain.org\/index.php\/wp-json\/wp\/v2\/comments?post=323"}],"version-history":[{"count":1,"href":"https:\/\/mauritanie-demain.org\/index.php\/wp-json\/wp\/v2\/posts\/323\/revisions"}],"predecessor-version":[{"id":325,"href":"https:\/\/mauritanie-demain.org\/index.php\/wp-json\/wp\/v2\/posts\/323\/revisions\/325"}],"wp:featuredmedia":[{"embeddable":true,"href":"https:\/\/mauritanie-demain.org\/index.php\/wp-json\/wp\/v2\/media\/324"}],"wp:attachment":[{"href":"https:\/\/mauritanie-demain.org\/index.php\/wp-json\/wp\/v2\/media?parent=323"}],"wp:term":[{"taxonomy":"category","embeddable":true,"href":"https:\/\/mauritanie-demain.org\/index.php\/wp-json\/wp\/v2\/categories?post=323"},{"taxonomy":"post_tag","embeddable":true,"href":"https:\/\/mauritanie-demain.org\/index.php\/wp-json\/wp\/v2\/tags?post=323"}],"curies":[{"name":"wp","href":"https:\/\/api.w.org\/{rel}","templated":true}]}}