{"id":320,"date":"2025-10-29T09:15:12","date_gmt":"2025-10-29T09:15:12","guid":{"rendered":"https:\/\/mauritanie-demain.org\/?p=320"},"modified":"2025-10-29T09:15:13","modified_gmt":"2025-10-29T09:15:13","slug":"mauritanie-les-avocats-de-lex-president-ould-abdel-aziz-dementent-toute-liberation-prochaine","status":"publish","type":"post","link":"https:\/\/mauritanie-demain.org\/index.php\/2025\/10\/29\/mauritanie-les-avocats-de-lex-president-ould-abdel-aziz-dementent-toute-liberation-prochaine\/","title":{"rendered":"Mauritanie : les avocats de l\u2019ex-pr\u00e9sident Ould Abdel Aziz d\u00e9mentent toute lib\u00e9ration prochaine"},"content":{"rendered":"\n<p>\u00c0 Nouakchott, un courant de rumeurs a gagn\u00e9 en ampleur ces derni\u00e8res 48 heures : selon des publications relay\u00e9es en ligne, l\u2019ancien pr\u00e9sident Mohamed Ould Abdel Aziz serait sur le point d\u2019\u00eatre lib\u00e9r\u00e9 d\u00e8s le mois de novembre prochain. L\u2019information a notamment \u00e9t\u00e9 diffus\u00e9e par un message post\u00e9 dimanche 26 octobre sur la page Facebook de l\u2019un des avocats de l\u2019ancien chef de l\u2019\u00c9tat, ma\u00eetre Abdelrahmane Zarroug.<br>Face \u00e0 cette propagation, le coordonnateur du collectif de d\u00e9fense, ma\u00eetre Mohameden Ould Ichidou, a publi\u00e9 ce lundi un d\u00e9menti formel, indiquant : \u00ab nous n\u2019avons aucune connaissance d\u2019une telle information, ni des bases sur lesquelles elle reposerait \u00bb.<\/p>\n\n\n\n<h3 class=\"wp-block-heading\"><strong>Le cadre judiciaire : un dossier toujours en cours<\/strong><\/h3>\n\n\n\n<p>Le contexte judiciaire de l\u2019affaire ne facilite pas l\u2019\u00e9mergence d\u2019une lib\u00e9ration rapide. L\u2019ancien pr\u00e9sident \u2013 \u00e0 la t\u00eate de la R\u00e9publique islamique de Mauritanie de 2009 \u00e0 2019 \u2013 fait l\u2019objet d\u2019un lourd dossier pour \u00ab enrichissement illicite \u00bb, \u00ab abus de pouvoir \u00bb et \u00ab blanchiment de capitaux \u00bb.<br>En mai 2025, une cour a d\u2019ailleurs prononc\u00e9 une peine de quinze ann\u00e9es d\u2019emprisonnement \u00e0 son encontre.<br>La d\u00e9fense avait \u00e0 ce moment d\u00e9nonc\u00e9 une \u00ab pression exerc\u00e9e par l\u2019ex\u00e9cutif sur la justice \u00bb.<br>Dans ce contexte, il appara\u00eet improbable que la lib\u00e9ration \u00e9voqu\u00e9e par certains soit fond\u00e9e sur un texte judiciaire ou une d\u00e9cision officielle connue.<\/p>\n\n\n\n<h3 class=\"wp-block-heading\"><strong>Le message de la d\u00e9fense : prudence et transparence<\/strong><\/h3>\n\n\n\n<p>Par sa d\u00e9claration publique, ma\u00eetre Ould Ichidou a souhait\u00e9 rappeler aux m\u00e9dias et au public l\u2019importance de \u00ab faire preuve de prudence face aux rumeurs \u00bb. Il a soulign\u00e9 que l\u2019affaire reste \u00ab toujours en cours d\u2019examen judiciaire \u00bb et que toute annonce de lib\u00e9ration serait conditionn\u00e9e \u00e0 une d\u00e9cision formelle, \u00e9manant des autorit\u00e9s comp\u00e9tentes.<br>Ce type de mise au point vise \u00e0 circonscrire une sp\u00e9culation qui, selon lui, pourrait nuire \u00e0 l\u2019image de l\u2019instruction et au bon d\u00e9roulement du processus judiciaire.<\/p>\n","protected":false},"excerpt":{"rendered":"<p>\u00c0 Nouakchott, un courant de rumeurs a gagn\u00e9 en ampleur ces derni\u00e8res 48 heures :&#8230;<\/p>\n","protected":false},"author":4,"featured_media":321,"comment_status":"open","ping_status":"open","sticky":false,"template":"","format":"standard","meta":{"footnotes":""},"categories":[3],"tags":[],"class_list":["post-320","post","type-post","status-publish","format-standard","has-post-thumbnail","hentry","category-politique-et-democratie"],"_links":{"self":[{"href":"https:\/\/mauritanie-demain.org\/index.php\/wp-json\/wp\/v2\/posts\/320","targetHints":{"allow":["GET"]}}],"collection":[{"href":"https:\/\/mauritanie-demain.org\/index.php\/wp-json\/wp\/v2\/posts"}],"about":[{"href":"https:\/\/mauritanie-demain.org\/index.php\/wp-json\/wp\/v2\/types\/post"}],"author":[{"embeddable":true,"href":"https:\/\/mauritanie-demain.org\/index.php\/wp-json\/wp\/v2\/users\/4"}],"replies":[{"embeddable":true,"href":"https:\/\/mauritanie-demain.org\/index.php\/wp-json\/wp\/v2\/comments?post=320"}],"version-history":[{"count":1,"href":"https:\/\/mauritanie-demain.org\/index.php\/wp-json\/wp\/v2\/posts\/320\/revisions"}],"predecessor-version":[{"id":322,"href":"https:\/\/mauritanie-demain.org\/index.php\/wp-json\/wp\/v2\/posts\/320\/revisions\/322"}],"wp:featuredmedia":[{"embeddable":true,"href":"https:\/\/mauritanie-demain.org\/index.php\/wp-json\/wp\/v2\/media\/321"}],"wp:attachment":[{"href":"https:\/\/mauritanie-demain.org\/index.php\/wp-json\/wp\/v2\/media?parent=320"}],"wp:term":[{"taxonomy":"category","embeddable":true,"href":"https:\/\/mauritanie-demain.org\/index.php\/wp-json\/wp\/v2\/categories?post=320"},{"taxonomy":"post_tag","embeddable":true,"href":"https:\/\/mauritanie-demain.org\/index.php\/wp-json\/wp\/v2\/tags?post=320"}],"curies":[{"name":"wp","href":"https:\/\/api.w.org\/{rel}","templated":true}]}}