{"id":317,"date":"2025-10-16T08:15:36","date_gmt":"2025-10-16T08:15:36","guid":{"rendered":"https:\/\/mauritanie-demain.org\/?p=317"},"modified":"2025-10-16T08:15:37","modified_gmt":"2025-10-16T08:15:37","slug":"mauritanie-le-president-de-la-cour-des-comptes-appelle-a-la-retenue-apres-la-publication-du-rapport-annuel","status":"publish","type":"post","link":"https:\/\/mauritanie-demain.org\/index.php\/2025\/10\/16\/mauritanie-le-president-de-la-cour-des-comptes-appelle-a-la-retenue-apres-la-publication-du-rapport-annuel\/","title":{"rendered":"Mauritanie : le pr\u00e9sident de la Cour des comptes appelle \u00e0 la retenue apr\u00e8s la publication du rapport annuel"},"content":{"rendered":"\n<p>En Mauritanie, le pr\u00e9sident de la Cour des comptes, Ahmed Ould Ahmed Taleb, a tent\u00e9 d\u2019apaiser les tensions suscit\u00e9es par la publication du rapport annuel de son institution. Ce document, qui a mis en lumi\u00e8re plusieurs irr\u00e9gularit\u00e9s dans la gestion de fonds publics, a d\u00e9clench\u00e9 un vif d\u00e9bat sur les r\u00e9seaux sociaux.<\/p>\n\n\n\n<p>Lors d\u2019une conf\u00e9rence de presse tenue lundi apr\u00e8s-midi \u00e0 Nouakchott, Ould Ahmed Taleb a tenu \u00e0 relativiser la port\u00e9e des constats. Selon lui, les observations contenues dans le rapport concernent essentiellement \u00ab des erreurs administratives et de gestion \u00bb, sans pour autant r\u00e9v\u00e9ler \u00ab de pratiques assimilables \u00e0 la fraude ou au d\u00e9tournement \u00bb.<\/p>\n\n\n\n<p>Le pr\u00e9sident de la Cour a rappel\u00e9 que les manquements identifi\u00e9s feraient l\u2019objet de proc\u00e9dures disciplinaires, dans le cadre des pr\u00e9rogatives de l\u2019institution en mati\u00e8re de responsabilit\u00e9 financi\u00e8re. Les dossiers concern\u00e9s, a-t-il pr\u00e9cis\u00e9, seront transmis \u00e0 l\u2019ex\u00e9cutif pour d\u00e9cision.<\/p>\n\n\n\n<p>Tout en d\u00e9fendant la mission de transparence de la Cour, Ould Ahmed Taleb a mis en garde contre toute instrumentalisation politique du rapport. \u00ab Ce document ne doit pas servir \u00e0 d\u00e9stabiliser la situation politique ni \u00e0 r\u00e9gler des comptes personnels ou partisans \u00bb, a-t-il d\u00e9clar\u00e9, insistant sur la vocation institutionnelle du rapport : renforcer la bonne gouvernance et la responsabilit\u00e9 publique.<\/p>\n\n\n\n<p>Le pr\u00e9sident de la Cour a \u00e9galement invit\u00e9 les m\u00e9dias et les citoyens \u00e0 aborder les conclusions du rapport avec \u00ab objectivit\u00e9 et sens de la responsabilit\u00e9 \u00bb, tout en r\u00e9affirmant l\u2019engagement de la Cour \u00e0 poursuivre son travail \u00ab avec rigueur et transparence \u00bb pour garantir que chaque ouguiya soit utilis\u00e9e dans l\u2019int\u00e9r\u00eat g\u00e9n\u00e9ral.<\/p>\n\n\n\n<p>Le rapport annuel de la Cour des comptes, couvrant la p\u00e9riode 2022-2023, a mis en \u00e9vidence d\u2019importants dysfonctionnements dans plusieurs minist\u00e8res et institutions publiques, relan\u00e7ant le d\u00e9bat sur la gestion des ressources publiques et la reddition des comptes en Mauritanie.<\/p>\n","protected":false},"excerpt":{"rendered":"<p>En Mauritanie, le pr\u00e9sident de la Cour des comptes, Ahmed Ould Ahmed Taleb, a tent\u00e9&#8230;<\/p>\n","protected":false},"author":4,"featured_media":318,"comment_status":"open","ping_status":"open","sticky":false,"template":"","format":"standard","meta":{"footnotes":""},"categories":[5],"tags":[],"class_list":["post-317","post","type-post","status-publish","format-standard","has-post-thumbnail","hentry","category-economie"],"_links":{"self":[{"href":"https:\/\/mauritanie-demain.org\/index.php\/wp-json\/wp\/v2\/posts\/317","targetHints":{"allow":["GET"]}}],"collection":[{"href":"https:\/\/mauritanie-demain.org\/index.php\/wp-json\/wp\/v2\/posts"}],"about":[{"href":"https:\/\/mauritanie-demain.org\/index.php\/wp-json\/wp\/v2\/types\/post"}],"author":[{"embeddable":true,"href":"https:\/\/mauritanie-demain.org\/index.php\/wp-json\/wp\/v2\/users\/4"}],"replies":[{"embeddable":true,"href":"https:\/\/mauritanie-demain.org\/index.php\/wp-json\/wp\/v2\/comments?post=317"}],"version-history":[{"count":1,"href":"https:\/\/mauritanie-demain.org\/index.php\/wp-json\/wp\/v2\/posts\/317\/revisions"}],"predecessor-version":[{"id":319,"href":"https:\/\/mauritanie-demain.org\/index.php\/wp-json\/wp\/v2\/posts\/317\/revisions\/319"}],"wp:featuredmedia":[{"embeddable":true,"href":"https:\/\/mauritanie-demain.org\/index.php\/wp-json\/wp\/v2\/media\/318"}],"wp:attachment":[{"href":"https:\/\/mauritanie-demain.org\/index.php\/wp-json\/wp\/v2\/media?parent=317"}],"wp:term":[{"taxonomy":"category","embeddable":true,"href":"https:\/\/mauritanie-demain.org\/index.php\/wp-json\/wp\/v2\/categories?post=317"},{"taxonomy":"post_tag","embeddable":true,"href":"https:\/\/mauritanie-demain.org\/index.php\/wp-json\/wp\/v2\/tags?post=317"}],"curies":[{"name":"wp","href":"https:\/\/api.w.org\/{rel}","templated":true}]}}