{"id":31,"date":"2025-07-08T22:01:08","date_gmt":"2025-07-08T22:01:08","guid":{"rendered":"https:\/\/mauritanie-demain.org\/?p=31"},"modified":"2025-07-08T22:01:08","modified_gmt":"2025-07-08T22:01:08","slug":"programme-national-formation-de-1-000-jeunes-a-la-peche-artisanale","status":"publish","type":"post","link":"https:\/\/mauritanie-demain.org\/index.php\/2025\/07\/08\/programme-national-formation-de-1-000-jeunes-a-la-peche-artisanale\/","title":{"rendered":"Programme national : formation de 1\u202f000 jeunes \u00e0 la p\u00eache artisanale"},"content":{"rendered":"\n<p><strong>Nouakchott, 3 avril 2025<\/strong> \u2013 Face au d\u00e9ficit pr\u00e9occupant de main-d\u2019\u0153uvre qualifi\u00e9e dans la p\u00eache artisanale, notamment pour la p\u00eache au poulpe, la Mauritanie innove avec un <strong>programme national de formation<\/strong> visant \u00e0 int\u00e9grer <strong>1\u202f000 jeunes<\/strong> dans ce secteur porteur, selon Ecofin\/Agence Ecofin .<\/p>\n\n\n\n<hr class=\"wp-block-separator has-alpha-channel-opacity\"\/>\n\n\n\n<h3 class=\"wp-block-heading\">\ud83c\udfaf Objectifs du programme<\/h3>\n\n\n\n<ol class=\"wp-block-list\">\n<li><strong>Favoriser la mauritanisation des m\u00e9tiers de la p\u00eache<\/strong>, en particulier pour le poulpe, r\u00e9serv\u00e9 aux locaux.<\/li>\n\n\n\n<li>Combler le manque de comp\u00e9tences techniques \u2013 principal frein \u00e0 la croissance de la p\u00eache artisanale.<\/li>\n\n\n\n<li><strong>Cr\u00e9er des emplois durables<\/strong> : les jeunes form\u00e9s seront int\u00e9gr\u00e9s \u00e0 long terme dans les entreprises de p\u00eache.<\/li>\n<\/ol>\n\n\n\n<hr class=\"wp-block-separator has-alpha-channel-opacity\"\/>\n\n\n\n<h3 class=\"wp-block-heading\">\ud83d\udee0\ufe0f Modalit\u00e9s de formation<\/h3>\n\n\n\n<ul class=\"wp-block-list\">\n<li><strong>S\u00e9lection<\/strong> : campagne nationale, bas\u00e9e sur des crit\u00e8res d\u00e9finis par les minist\u00e8res et la F\u00e9d\u00e9ration nationale de la p\u00eache.<\/li>\n\n\n\n<li><strong>Enseignement<\/strong> : cours th\u00e9oriques + stages pratiques aupr\u00e8s d\u2019exploitants.<\/li>\n\n\n\n<li><strong>Prise en charge compl\u00e8te<\/strong> : h\u00e9bergement, alimentation et mat\u00e9riel offerts aux apprentis <a href=\"https:\/\/ecomnewsafrique.com\/2025\/04\/03\/la-mauritanie-a-lance-un-programme-visant-a-former-et-integrer-1000-jeunes-dans-le-secteur-de-la-peche-artisanale\/?utm_source=chatgpt.com\" target=\"_blank\" rel=\"noreferrer noopener\">Ecomnews Afrique<\/a>.<\/li>\n<\/ul>\n\n\n\n<hr class=\"wp-block-separator has-alpha-channel-opacity\"\/>\n\n\n\n<h3 class=\"wp-block-heading\">\ud83c\udf0a Focus sur la p\u00eache au poulpe<\/h3>\n\n\n\n<ul class=\"wp-block-list\">\n<li>Activit\u00e9 strat\u00e9giquement cruciale mais en tension : manque de main-d\u2019\u0153uvre qualifi\u00e9e.<\/li>\n\n\n\n<li>La p\u00eache au poulpe \u00e9tant strictement r\u00e9serv\u00e9e aux p\u00eacheurs locaux, le programme r\u00e9pond \u00e0 une <strong>double exigence<\/strong> : <strong>s\u00e9curiser les ressources halieutiques<\/strong> et soutenir les populations c\u00f4ti\u00e8res.<\/li>\n<\/ul>\n\n\n\n<hr class=\"wp-block-separator has-alpha-channel-opacity\"\/>\n\n\n\n<h3 class=\"wp-block-heading\">\ud83d\udcc8 Impacts attendus<\/h3>\n\n\n\n<ul class=\"wp-block-list\">\n<li><strong>Redynamisation de la p\u00eache artisanale<\/strong> : avec des comp\u00e9tences techniques renforc\u00e9es.<\/li>\n\n\n\n<li><strong>Cr\u00e9ation d\u2019emplois stables<\/strong> et valorisation de la jeunesse rurale.<\/li>\n\n\n\n<li><strong>Renforcement de la souverainet\u00e9 alimentaire<\/strong> : en augmentant les capacit\u00e9s locales.<\/li>\n<\/ul>\n\n\n\n<hr class=\"wp-block-separator has-alpha-channel-opacity\"\/>\n\n\n\n<h3 class=\"wp-block-heading\">\u2705 En r\u00e9sum\u00e9<\/h3>\n\n\n\n<ul class=\"wp-block-list\">\n<li><strong>Qui<\/strong> : gouvernement, minist\u00e8res concern\u00e9s, F\u00e9d\u00e9ration nationale de la p\u00eache.<\/li>\n\n\n\n<li><strong>Quoi<\/strong> : formation de 1\u202f000 jeunes \u00e0 la p\u00eache artisanale (poulpe).<\/li>\n\n\n\n<li><strong>Comment<\/strong> : s\u00e9lection, formation pratique, int\u00e9gration assur\u00e9e.<\/li>\n\n\n\n<li><strong>Pourquoi<\/strong> : combler un d\u00e9ficit de comp\u00e9tences, cr\u00e9er des emplois, s\u00e9curiser la ressource.<\/li>\n<\/ul>\n\n\n\n<hr class=\"wp-block-separator has-alpha-channel-opacity\"\/>\n\n\n\n<h2 class=\"wp-block-heading\">\ud83d\udd0d Quelles sont les prochaines \u00e9tapes ?<\/h2>\n\n\n\n<ul class=\"wp-block-list\">\n<li>\ud83d\udcc6 <strong>D\u00e9ploiement concret<\/strong> des formations dans les prochains mois.<\/li>\n\n\n\n<li>\ud83d\udd0d <strong>\u00c9valuation<\/strong> : suivi des jeunes, mesure de l\u2019impact socio-\u00e9conomique et environnemental.<\/li>\n\n\n\n<li>\u2194\ufe0f <strong>Extension possible<\/strong> : vers d\u2019autres m\u00e9tiers de la p\u00eache (crevettes, petits p\u00e9lagiques).<\/li>\n<\/ul>\n","protected":false},"excerpt":{"rendered":"<p>Nouakchott, 3 avril 2025 \u2013 Face au d\u00e9ficit pr\u00e9occupant de main-d\u2019\u0153uvre qualifi\u00e9e dans la p\u00eache&#8230;<\/p>\n","protected":false},"author":2,"featured_media":32,"comment_status":"open","ping_status":"open","sticky":false,"template":"","format":"standard","meta":{"footnotes":""},"categories":[11],"tags":[],"class_list":["post-31","post","type-post","status-publish","format-standard","has-post-thumbnail","hentry","category-agriculture-peche"],"_links":{"self":[{"href":"https:\/\/mauritanie-demain.org\/index.php\/wp-json\/wp\/v2\/posts\/31","targetHints":{"allow":["GET"]}}],"collection":[{"href":"https:\/\/mauritanie-demain.org\/index.php\/wp-json\/wp\/v2\/posts"}],"about":[{"href":"https:\/\/mauritanie-demain.org\/index.php\/wp-json\/wp\/v2\/types\/post"}],"author":[{"embeddable":true,"href":"https:\/\/mauritanie-demain.org\/index.php\/wp-json\/wp\/v2\/users\/2"}],"replies":[{"embeddable":true,"href":"https:\/\/mauritanie-demain.org\/index.php\/wp-json\/wp\/v2\/comments?post=31"}],"version-history":[{"count":1,"href":"https:\/\/mauritanie-demain.org\/index.php\/wp-json\/wp\/v2\/posts\/31\/revisions"}],"predecessor-version":[{"id":33,"href":"https:\/\/mauritanie-demain.org\/index.php\/wp-json\/wp\/v2\/posts\/31\/revisions\/33"}],"wp:featuredmedia":[{"embeddable":true,"href":"https:\/\/mauritanie-demain.org\/index.php\/wp-json\/wp\/v2\/media\/32"}],"wp:attachment":[{"href":"https:\/\/mauritanie-demain.org\/index.php\/wp-json\/wp\/v2\/media?parent=31"}],"wp:term":[{"taxonomy":"category","embeddable":true,"href":"https:\/\/mauritanie-demain.org\/index.php\/wp-json\/wp\/v2\/categories?post=31"},{"taxonomy":"post_tag","embeddable":true,"href":"https:\/\/mauritanie-demain.org\/index.php\/wp-json\/wp\/v2\/tags?post=31"}],"curies":[{"name":"wp","href":"https:\/\/api.w.org\/{rel}","templated":true}]}}