{"id":304,"date":"2025-10-03T08:29:51","date_gmt":"2025-10-03T08:29:51","guid":{"rendered":"https:\/\/mauritanie-demain.org\/?p=304"},"modified":"2025-10-03T08:29:51","modified_gmt":"2025-10-03T08:29:51","slug":"urgent-gaza-des-mauritaniens-arretes-a-bord-de-la-flottille-sumud-interceptee-par-la-marine-israelienne","status":"publish","type":"post","link":"https:\/\/mauritanie-demain.org\/index.php\/2025\/10\/03\/urgent-gaza-des-mauritaniens-arretes-a-bord-de-la-flottille-sumud-interceptee-par-la-marine-israelienne\/","title":{"rendered":"Urgent \u2013 Gaza : des Mauritaniens arr\u00eat\u00e9s \u00e0 bord de la flottille Sumud intercept\u00e9e par la marine isra\u00e9lienne"},"content":{"rendered":"\n<p>Plusieurs ressortissants mauritaniens figurent parmi les centaines de militants et humanitaires arr\u00eat\u00e9s lundi par la marine isra\u00e9lienne lors de l\u2019interception de la flottille internationale <em>Sumud<\/em>, en route vers la bande de Gaza avec de l\u2019aide humanitaire.<\/p>\n\n\n\n<h3 class=\"wp-block-heading\">Une flottille humanitaire vis\u00e9e en haute mer<\/h3>\n\n\n\n<p>Selon les organisateurs, la flottille compos\u00e9e d\u2019une quarantaine de navires transportait environ <strong>500 passagers<\/strong> \u2013 militants associatifs, journalistes, parlementaires europ\u00e9ens et figures reconnues de la solidarit\u00e9 internationale \u2013 ainsi que des cargaisons de vivres et de mat\u00e9riel m\u00e9dical destin\u00e9s aux populations de Gaza, soumises depuis plus de 15 ans \u00e0 un strict blocus isra\u00e9lien.<\/p>\n\n\n\n<p>La marine isra\u00e9lienne a intercept\u00e9 les navires dans les eaux internationales, proc\u00e9dant \u00e0 des op\u00e9rations d\u2019arraisonnement jug\u00e9es \u00ab muscl\u00e9es \u00bb par plusieurs t\u00e9moins. Des vedettes rapides auraient \u00e9t\u00e9 utilis\u00e9es pour contraindre les occupants \u00e0 quitter leurs embarcations et les transf\u00e9rer vers des b\u00e2timents de guerre.<\/p>\n\n\n\n<h3 class=\"wp-block-heading\">Des Mauritaniens parmi les d\u00e9tenus<\/h3>\n\n\n\n<p>Parmi les passagers figure <strong>Ahmed Vall Cheikh<\/strong>, militant mauritanien, qui a confirm\u00e9 son arrestation dans un message relay\u00e9 sur les r\u00e9seaux sociaux avant la coupure des communications. Il y appelle les autorit\u00e9s mauritaniennes \u00e0 intervenir pour obtenir sa lib\u00e9ration et celle de ses compagnons de voyage.<\/p>\n\n\n\n<p>Aucun chiffre officiel n\u2019a pour l\u2019instant \u00e9t\u00e9 communiqu\u00e9 sur le nombre exact de Mauritaniens pr\u00e9sents \u00e0 bord ni sur leur situation actuelle.<\/p>\n\n\n\n<h3 class=\"wp-block-heading\">R\u00e9actions internationales<\/h3>\n\n\n\n<p>L\u2019interception de la flottille a suscit\u00e9 une vague de condamnations dans plusieurs capitales europ\u00e9ennes, notamment \u00e0 <strong>Berlin, Paris, Barcelone, Milan et Bruxelles<\/strong>, o\u00f9 des rassemblements de soutien aux passagers ont \u00e9t\u00e9 signal\u00e9s.<\/p>\n\n\n\n<p>Les organisateurs de la mission d\u00e9noncent une \u00ab violation flagrante du droit international \u00bb et r\u00e9clament la lib\u00e9ration imm\u00e9diate des militants arr\u00eat\u00e9s. De leur c\u00f4t\u00e9, les autorit\u00e9s isra\u00e9liennes n\u2019ont pas encore communiqu\u00e9 officiellement sur l\u2019op\u00e9ration.<\/p>\n\n\n\n<h3 class=\"wp-block-heading\">Attente d\u2019une r\u00e9action officielle \u00e0 Nouakchott<\/h3>\n\n\n\n<p>\u00c0 l\u2019heure actuelle, le gouvernement mauritanien n\u2019a pas encore publi\u00e9 de communiqu\u00e9. Mais selon une source proche du minist\u00e8re des Affaires \u00e9trang\u00e8res, les autorit\u00e9s \u00ab suivent de pr\u00e8s l\u2019\u00e9volution de la situation \u00bb et cherchent \u00e0 obtenir des informations pr\u00e9cises sur leurs ressortissants.<\/p>\n","protected":false},"excerpt":{"rendered":"<p>Plusieurs ressortissants mauritaniens figurent parmi les centaines de militants et humanitaires arr\u00eat\u00e9s lundi par la&#8230;<\/p>\n","protected":false},"author":4,"featured_media":305,"comment_status":"open","ping_status":"open","sticky":false,"template":"","format":"standard","meta":{"footnotes":""},"categories":[14],"tags":[],"class_list":["post-304","post","type-post","status-publish","format-standard","has-post-thumbnail","hentry","category-securite"],"_links":{"self":[{"href":"https:\/\/mauritanie-demain.org\/index.php\/wp-json\/wp\/v2\/posts\/304","targetHints":{"allow":["GET"]}}],"collection":[{"href":"https:\/\/mauritanie-demain.org\/index.php\/wp-json\/wp\/v2\/posts"}],"about":[{"href":"https:\/\/mauritanie-demain.org\/index.php\/wp-json\/wp\/v2\/types\/post"}],"author":[{"embeddable":true,"href":"https:\/\/mauritanie-demain.org\/index.php\/wp-json\/wp\/v2\/users\/4"}],"replies":[{"embeddable":true,"href":"https:\/\/mauritanie-demain.org\/index.php\/wp-json\/wp\/v2\/comments?post=304"}],"version-history":[{"count":1,"href":"https:\/\/mauritanie-demain.org\/index.php\/wp-json\/wp\/v2\/posts\/304\/revisions"}],"predecessor-version":[{"id":306,"href":"https:\/\/mauritanie-demain.org\/index.php\/wp-json\/wp\/v2\/posts\/304\/revisions\/306"}],"wp:featuredmedia":[{"embeddable":true,"href":"https:\/\/mauritanie-demain.org\/index.php\/wp-json\/wp\/v2\/media\/305"}],"wp:attachment":[{"href":"https:\/\/mauritanie-demain.org\/index.php\/wp-json\/wp\/v2\/media?parent=304"}],"wp:term":[{"taxonomy":"category","embeddable":true,"href":"https:\/\/mauritanie-demain.org\/index.php\/wp-json\/wp\/v2\/categories?post=304"},{"taxonomy":"post_tag","embeddable":true,"href":"https:\/\/mauritanie-demain.org\/index.php\/wp-json\/wp\/v2\/tags?post=304"}],"curies":[{"name":"wp","href":"https:\/\/api.w.org\/{rel}","templated":true}]}}