{"id":301,"date":"2025-10-03T08:26:28","date_gmt":"2025-10-03T08:26:28","guid":{"rendered":"https:\/\/mauritanie-demain.org\/?p=301"},"modified":"2025-10-03T08:26:28","modified_gmt":"2025-10-03T08:26:28","slug":"mauritanie-la-justice-ordonne-la-reouverture-des-commerces-fermes-du-marche-de-sebkha","status":"publish","type":"post","link":"https:\/\/mauritanie-demain.org\/index.php\/2025\/10\/03\/mauritanie-la-justice-ordonne-la-reouverture-des-commerces-fermes-du-marche-de-sebkha\/","title":{"rendered":"Mauritanie : la justice ordonne la r\u00e9ouverture des commerces ferm\u00e9s du march\u00e9 de Sebkha"},"content":{"rendered":"\n<p>La Cour d\u2019appel commerciale de Nouakchott a tranch\u00e9 : les magasins du march\u00e9 central de Sebkha, ferm\u00e9s depuis ao\u00fbt par d\u00e9cision municipale, pourront rouvrir. Une d\u00e9cision qui relance un dossier sensible m\u00ealant litige foncier, contestation sociale et enjeux politiques locaux.<\/p>\n\n\n\n<h3 class=\"wp-block-heading\">200 boutiques ferm\u00e9es, une col\u00e8re persistante<\/h3>\n\n\n\n<p>En ao\u00fbt dernier, la municipalit\u00e9 de Sebkha avait proc\u00e9d\u00e9 \u00e0 la <strong>fermeture d\u2019environ 200 commerces<\/strong>, invoquant des <strong>contrats de bail arriv\u00e9s \u00e0 expiration<\/strong> et des <strong>occupations ill\u00e9gales de locaux communaux<\/strong>. Une op\u00e9ration men\u00e9e parfois de nuit, qui avait suscit\u00e9 la col\u00e8re des commer\u00e7ants, d\u00e9non\u00e7ant une mesure \u00ab injuste et arbitraire \u00bb.<\/p>\n\n\n\n<p>Depuis, le bras de fer opposant la mairie aux propri\u00e9taires n\u2019a cess\u00e9 de s\u2019envenimer. Les commer\u00e7ants, d\u00e9j\u00e0 fragilis\u00e9s par la baisse du pouvoir d\u2019achat et la concurrence informelle, voyaient dans cette fermeture une atteinte directe \u00e0 leur survie \u00e9conomique.<\/p>\n\n\n\n<h3 class=\"wp-block-heading\">Une victoire provisoire pour les commer\u00e7ants<\/h3>\n\n\n\n<p>La Cour d\u2019appel commerciale, pr\u00e9sid\u00e9e par <strong>Mohamed Abderrahmane Mohamed<\/strong>, a ordonn\u00e9 lundi la r\u00e9ouverture des magasins litigieux, en attendant la d\u00e9cision de la chambre consultative. La mesure, fond\u00e9e sur plusieurs articles du Code de proc\u00e9dure civile, reste donc <strong>provisoire<\/strong> et pourrait \u00eatre remise en cause si une nouvelle d\u00e9cision venait \u00e0 \u00eatre rendue.<\/p>\n\n\n\n<p>Pour les commer\u00e7ants, il s\u2019agit d\u2019une premi\u00e8re victoire judiciaire, leur permettant de reprendre leurs activit\u00e9s apr\u00e8s plusieurs semaines de blocage. Pour la municipalit\u00e9, en revanche, ce jugement constitue un revers qui pourrait fragiliser sa position, alors qu\u2019elle d\u00e9fendait la l\u00e9gitimit\u00e9 de son action.<\/p>\n\n\n\n<h3 class=\"wp-block-heading\">Et apr\u00e8s ?<\/h3>\n\n\n\n<p>La chambre consultative devra d\u00e9sormais se prononcer sur le statut l\u00e9gal des commerces et des contrats de bail. En attendant, les commer\u00e7ants reprennent leurs activit\u00e9s, soulag\u00e9s mais prudents. Car le conflit, loin d\u2019\u00eatre clos, reste suspendu \u00e0 une d\u00e9cision d\u00e9finitive qui pourrait redessiner les \u00e9quilibres entre les acteurs \u00e9conomiques et les autorit\u00e9s locales.<\/p>\n\n\n\n<p><\/p>\n","protected":false},"excerpt":{"rendered":"<p>La Cour d\u2019appel commerciale de Nouakchott a tranch\u00e9 : les magasins du march\u00e9 central de&#8230;<\/p>\n","protected":false},"author":4,"featured_media":302,"comment_status":"open","ping_status":"open","sticky":false,"template":"","format":"standard","meta":{"footnotes":""},"categories":[5],"tags":[],"class_list":["post-301","post","type-post","status-publish","format-standard","has-post-thumbnail","hentry","category-economie"],"_links":{"self":[{"href":"https:\/\/mauritanie-demain.org\/index.php\/wp-json\/wp\/v2\/posts\/301","targetHints":{"allow":["GET"]}}],"collection":[{"href":"https:\/\/mauritanie-demain.org\/index.php\/wp-json\/wp\/v2\/posts"}],"about":[{"href":"https:\/\/mauritanie-demain.org\/index.php\/wp-json\/wp\/v2\/types\/post"}],"author":[{"embeddable":true,"href":"https:\/\/mauritanie-demain.org\/index.php\/wp-json\/wp\/v2\/users\/4"}],"replies":[{"embeddable":true,"href":"https:\/\/mauritanie-demain.org\/index.php\/wp-json\/wp\/v2\/comments?post=301"}],"version-history":[{"count":1,"href":"https:\/\/mauritanie-demain.org\/index.php\/wp-json\/wp\/v2\/posts\/301\/revisions"}],"predecessor-version":[{"id":303,"href":"https:\/\/mauritanie-demain.org\/index.php\/wp-json\/wp\/v2\/posts\/301\/revisions\/303"}],"wp:featuredmedia":[{"embeddable":true,"href":"https:\/\/mauritanie-demain.org\/index.php\/wp-json\/wp\/v2\/media\/302"}],"wp:attachment":[{"href":"https:\/\/mauritanie-demain.org\/index.php\/wp-json\/wp\/v2\/media?parent=301"}],"wp:term":[{"taxonomy":"category","embeddable":true,"href":"https:\/\/mauritanie-demain.org\/index.php\/wp-json\/wp\/v2\/categories?post=301"},{"taxonomy":"post_tag","embeddable":true,"href":"https:\/\/mauritanie-demain.org\/index.php\/wp-json\/wp\/v2\/tags?post=301"}],"curies":[{"name":"wp","href":"https:\/\/api.w.org\/{rel}","templated":true}]}}