{"id":292,"date":"2025-10-03T08:10:03","date_gmt":"2025-10-03T08:10:03","guid":{"rendered":"https:\/\/mauritanie-demain.org\/?p=292"},"modified":"2025-10-03T08:10:03","modified_gmt":"2025-10-03T08:10:03","slug":"mauritanie-un-accord-de-300-millions-de-dollars-pour-une-centrale-hybride-solaire-eolienne","status":"publish","type":"post","link":"https:\/\/mauritanie-demain.org\/index.php\/2025\/10\/03\/mauritanie-un-accord-de-300-millions-de-dollars-pour-une-centrale-hybride-solaire-eolienne\/","title":{"rendered":"Mauritanie : un accord de 300 millions de dollars pour une centrale hybride solaire-\u00e9olienne"},"content":{"rendered":"\n<p>La Mauritanie vient de franchir un cap dans sa transition \u00e9nerg\u00e9tique. Nouakchott a sign\u00e9, le 1er octobre, un accord de 300 millions de dollars avec <strong>Iwa Green Energy<\/strong> pour la construction d\u2019une centrale hybride solaire-\u00e9olienne de 60 m\u00e9gawatts. Une premi\u00e8re pour le pays, qui mise d\u00e9sormais sur le mod\u00e8le des <strong>producteurs ind\u00e9pendants d\u2019\u00e9lectricit\u00e9 (IPP)<\/strong> afin d\u2019attirer les capitaux priv\u00e9s.<\/p>\n\n\n\n<h3 class=\"wp-block-heading\">Diversifier un mix encore fragile<\/h3>\n\n\n\n<p>Pr\u00e9vue pour entrer en service en septembre 2026, la centrale portera la capacit\u00e9 install\u00e9e du pays \u00e0 environ <strong>450 MW<\/strong>. Avec moins de 10 % des foyers ruraux raccord\u00e9s et une d\u00e9pendance persistante aux combustibles import\u00e9s, l\u2019ex\u00e9cutif veut acc\u00e9l\u00e9rer l\u2019int\u00e9gration des renouvelables dans son mix \u00e9nerg\u00e9tique.<\/p>\n\n\n\n<p>\u00ab Ce projet avec des acteurs priv\u00e9s t\u00e9moigne de leur confiance dans la volont\u00e9 du gouvernement mauritanien de diversifier la base de production et de fournir des sources d\u2019\u00e9nergie durables au service de l\u2019\u00e9conomie \u00bb, a soulign\u00e9 <strong>Sid\u2019Ahmed Ould Bouh<\/strong>, ministre de l\u2019\u00c9conomie et des Finances.<\/p>\n\n\n\n<h3 class=\"wp-block-heading\">Un mod\u00e8le sans dette publique<\/h3>\n\n\n\n<p>Le ministre de l\u2019\u00c9nergie et du P\u00e9trole, <strong>Mohamed Ould Khaled<\/strong>, insiste de son c\u00f4t\u00e9 sur le caract\u00e8re in\u00e9dit du montage : <strong>un financement 100 % priv\u00e9<\/strong>, qui permet au pays de d\u00e9velopper son offre \u00e9nerg\u00e9tique sans alourdir la dette publique. Un argument de poids dans un contexte o\u00f9 la viabilit\u00e9 de la dette est scrut\u00e9e de pr\u00e8s par les bailleurs internationaux.<\/p>\n\n\n\n<h3 class=\"wp-block-heading\">Un projet inscrit dans Desert to Power<\/h3>\n\n\n\n<p>Ce partenariat illustre \u00e9galement l\u2019ancrage r\u00e9gional de la Mauritanie. <strong>Daniel Schroth<\/strong>, directeur des \u00e9nergies renouvelables \u00e0 la Banque africaine de d\u00e9veloppement, a salu\u00e9 une \u00e9tape \u00ab importante \u00bb dans la mise en \u0153uvre du <strong>Protocole Commun de Desert to Power<\/strong>, initiative panafricaine visant \u00e0 produire <strong>10 GW d\u2019\u00e9nergie solaire<\/strong> dans onze pays du Sahel et \u00e0 connecter <strong>250 millions de personnes<\/strong> \u00e0 l\u2019\u00e9lectricit\u00e9.<\/p>\n","protected":false},"excerpt":{"rendered":"<p>La Mauritanie vient de franchir un cap dans sa transition \u00e9nerg\u00e9tique. Nouakchott a sign\u00e9, le&#8230;<\/p>\n","protected":false},"author":4,"featured_media":293,"comment_status":"open","ping_status":"open","sticky":false,"template":"","format":"standard","meta":{"footnotes":""},"categories":[10],"tags":[],"class_list":["post-292","post","type-post","status-publish","format-standard","has-post-thumbnail","hentry","category-mines-energie"],"_links":{"self":[{"href":"https:\/\/mauritanie-demain.org\/index.php\/wp-json\/wp\/v2\/posts\/292","targetHints":{"allow":["GET"]}}],"collection":[{"href":"https:\/\/mauritanie-demain.org\/index.php\/wp-json\/wp\/v2\/posts"}],"about":[{"href":"https:\/\/mauritanie-demain.org\/index.php\/wp-json\/wp\/v2\/types\/post"}],"author":[{"embeddable":true,"href":"https:\/\/mauritanie-demain.org\/index.php\/wp-json\/wp\/v2\/users\/4"}],"replies":[{"embeddable":true,"href":"https:\/\/mauritanie-demain.org\/index.php\/wp-json\/wp\/v2\/comments?post=292"}],"version-history":[{"count":1,"href":"https:\/\/mauritanie-demain.org\/index.php\/wp-json\/wp\/v2\/posts\/292\/revisions"}],"predecessor-version":[{"id":294,"href":"https:\/\/mauritanie-demain.org\/index.php\/wp-json\/wp\/v2\/posts\/292\/revisions\/294"}],"wp:featuredmedia":[{"embeddable":true,"href":"https:\/\/mauritanie-demain.org\/index.php\/wp-json\/wp\/v2\/media\/293"}],"wp:attachment":[{"href":"https:\/\/mauritanie-demain.org\/index.php\/wp-json\/wp\/v2\/media?parent=292"}],"wp:term":[{"taxonomy":"category","embeddable":true,"href":"https:\/\/mauritanie-demain.org\/index.php\/wp-json\/wp\/v2\/categories?post=292"},{"taxonomy":"post_tag","embeddable":true,"href":"https:\/\/mauritanie-demain.org\/index.php\/wp-json\/wp\/v2\/tags?post=292"}],"curies":[{"name":"wp","href":"https:\/\/api.w.org\/{rel}","templated":true}]}}