{"id":286,"date":"2025-10-03T07:59:42","date_gmt":"2025-10-03T07:59:42","guid":{"rendered":"https:\/\/mauritanie-demain.org\/?p=286"},"modified":"2025-10-03T07:59:43","modified_gmt":"2025-10-03T07:59:43","slug":"mauritanie-les-festivals-culturels-comme-vitrine-touristique-et-sociale","status":"publish","type":"post","link":"https:\/\/mauritanie-demain.org\/index.php\/2025\/10\/03\/mauritanie-les-festivals-culturels-comme-vitrine-touristique-et-sociale\/","title":{"rendered":"Mauritanie : les festivals culturels comme vitrine touristique et sociale"},"content":{"rendered":"\n<p>En Mauritanie, le ministre de la Culture, des Arts, de la Communication et des Relations avec le Parlement, porte-parole du gouvernement, El Houssein Ould Meddou, estime que les festivals organis\u00e9s cet \u00e9t\u00e9 ont d\u00e9pass\u00e9 leur r\u00f4le de simples animations de vacances. Ils sont devenus, selon lui, un v\u00e9ritable reflet des capacit\u00e9s culturelles et touristiques du pays.<\/p>\n\n\n\n<p>Le ministre s\u2019exprimait mercredi soir \u00e0 Nouakchott Nord, lors du lancement de la <strong>Semaine nationale de la culture et des arts<\/strong>. Il a rappel\u00e9 que ces manifestations s\u2019inscrivent dans les directives du pr\u00e9sident Mohamed Ould Cheikh El Ghazouani, qui avait appel\u00e9 les Mauritaniens \u00e0 \u00ab passer leurs vacances \u00e0 l\u2019int\u00e9rieur du pays \u00bb.<\/p>\n\n\n\n<h3 class=\"wp-block-heading\">Une dynamique sociale et \u00e9conomique<\/h3>\n\n\n\n<p>Pour El Houssein Ould Meddou, ces festivals n\u2019ont pas seulement permis d\u2019animer la p\u00e9riode estivale. Ils ont contribu\u00e9 \u00e0 renforcer la coh\u00e9sion sociale, \u00e0 valoriser les richesses culturelles r\u00e9gionales et \u00e0 stimuler l\u2019activit\u00e9 touristique dans les wilayas de l\u2019int\u00e9rieur.<\/p>\n\n\n\n<p>\u00ab C\u2019est une r\u00e9ponse imm\u00e9diate aux directives du chef de l\u2019\u00c9tat \u00bb, a-t-il soulign\u00e9, insistant sur l\u2019importance de consolider les acquis culturels et de leur donner une place centrale dans la vie nationale.<\/p>\n\n\n\n<h3 class=\"wp-block-heading\">Un espace d\u2019identit\u00e9 et de dialogue<\/h3>\n\n\n\n<p>Le maire de Dar Naim, Momma Ould El Koutoub Ould Momma, a de son c\u00f4t\u00e9 d\u00e9crit les festivals comme \u00ab le pouls de la nation et la m\u00e9moire de son identit\u00e9 authentique \u00bb. Il a mis en avant la diversit\u00e9 des activit\u00e9s propos\u00e9es : expositions patrimoniales, spectacles artistiques et s\u00e9minaires intellectuels, autant d\u2019initiatives qui, selon lui, traduisent \u00ab la profondeur civilisationnelle \u00bb du pays.<\/p>\n\n\n\n<p>Pour le maire, la Semaine culturelle est aussi l\u2019occasion de mettre en valeur les talents nationaux et de transmettre aux jeunes g\u00e9n\u00e9rations l\u2019h\u00e9ritage des anc\u00eatres tout en les invitant \u00e0 projeter leur propre vision de l\u2019avenir.<\/p>\n\n\n\n<h3 class=\"wp-block-heading\">Une mobilisation institutionnelle<\/h3>\n\n\n\n<p>L\u2019ouverture de la c\u00e9r\u00e9monie s\u2019est d\u00e9roul\u00e9e en pr\u00e9sence de plusieurs personnalit\u00e9s : le secr\u00e9taire g\u00e9n\u00e9ral du minist\u00e8re de la Culture, la wali de Nouakchott Nord, le hakem de Dar Naim, ainsi que les responsables s\u00e9curitaires et militaires de la r\u00e9gion. Tous ont salu\u00e9 une initiative qui vise \u00e0 faire de la culture un levier de coexistence et de d\u00e9veloppement.<\/p>\n","protected":false},"excerpt":{"rendered":"<p>En Mauritanie, le ministre de la Culture, des Arts, de la Communication et des Relations&#8230;<\/p>\n","protected":false},"author":4,"featured_media":287,"comment_status":"open","ping_status":"open","sticky":false,"template":"","format":"standard","meta":{"footnotes":""},"categories":[13],"tags":[],"class_list":["post-286","post","type-post","status-publish","format-standard","has-post-thumbnail","hentry","category-culture-religion"],"_links":{"self":[{"href":"https:\/\/mauritanie-demain.org\/index.php\/wp-json\/wp\/v2\/posts\/286","targetHints":{"allow":["GET"]}}],"collection":[{"href":"https:\/\/mauritanie-demain.org\/index.php\/wp-json\/wp\/v2\/posts"}],"about":[{"href":"https:\/\/mauritanie-demain.org\/index.php\/wp-json\/wp\/v2\/types\/post"}],"author":[{"embeddable":true,"href":"https:\/\/mauritanie-demain.org\/index.php\/wp-json\/wp\/v2\/users\/4"}],"replies":[{"embeddable":true,"href":"https:\/\/mauritanie-demain.org\/index.php\/wp-json\/wp\/v2\/comments?post=286"}],"version-history":[{"count":1,"href":"https:\/\/mauritanie-demain.org\/index.php\/wp-json\/wp\/v2\/posts\/286\/revisions"}],"predecessor-version":[{"id":288,"href":"https:\/\/mauritanie-demain.org\/index.php\/wp-json\/wp\/v2\/posts\/286\/revisions\/288"}],"wp:featuredmedia":[{"embeddable":true,"href":"https:\/\/mauritanie-demain.org\/index.php\/wp-json\/wp\/v2\/media\/287"}],"wp:attachment":[{"href":"https:\/\/mauritanie-demain.org\/index.php\/wp-json\/wp\/v2\/media?parent=286"}],"wp:term":[{"taxonomy":"category","embeddable":true,"href":"https:\/\/mauritanie-demain.org\/index.php\/wp-json\/wp\/v2\/categories?post=286"},{"taxonomy":"post_tag","embeddable":true,"href":"https:\/\/mauritanie-demain.org\/index.php\/wp-json\/wp\/v2\/tags?post=286"}],"curies":[{"name":"wp","href":"https:\/\/api.w.org\/{rel}","templated":true}]}}