{"id":282,"date":"2025-09-12T15:39:16","date_gmt":"2025-09-12T15:39:16","guid":{"rendered":"https:\/\/mauritanie-demain.org\/?p=282"},"modified":"2025-09-12T15:39:17","modified_gmt":"2025-09-12T15:39:17","slug":"de-la-survivance-de-lidee-de-caste-chez-certains-leaders-mauritaniens-de-lopposition","status":"publish","type":"post","link":"https:\/\/mauritanie-demain.org\/index.php\/2025\/09\/12\/de-la-survivance-de-lidee-de-caste-chez-certains-leaders-mauritaniens-de-lopposition\/","title":{"rendered":"De la survivance de l\u2019id\u00e9e de caste chez certains leaders mauritaniens de l\u2019opposition"},"content":{"rendered":"\n<p class=\"has-medium-font-size\"><strong><em>Par Jemal Taleb, avocat au barreau de Paris<\/em><\/strong><\/p>\n\n\n\n<hr class=\"wp-block-separator alignwide has-alpha-channel-opacity\" \/>\n\n\n\n<p>Vous ne me croirez pas : tout cela se passe bien au XXI\u1d49 si\u00e8cle, pas au Moyen \u00c2ge. \u00c0 une \u00e9poque o\u00f9 le refrain le plus r\u00e9p\u00e9t\u00e9 de l\u2019opposition mauritanienne, comme le pr\u00e9ambule de toutes les constitutions, est que tous les hommes naissent \u00e9gaux. Pourtant, une partie de cette opposition a b\u00e2ti tout son discours sur le pr\u00e9tendu \u00ab racisme \u00bb de notre peuple, se pr\u00e9sentant comme le parangon de l\u2019\u00e9galit\u00e9 et le chevalier des \u00ab damn\u00e9s de la terre \u00bb mauritaniens. Ceux qui ont cru fonder leur carri\u00e8re sur cette haine de soi, en d\u00e9nigrant leur pays aupr\u00e8s de leurs relais occidentaux, ont fini par \u00e9puiser la complaisance de leurs protecteurs \u00e9trangers.<\/p>\n\n\n\n<p>Soyons justes : nous ne sommes pas les seuls \u00e0 vivre ce genre de sc\u00e8nes d\u2019un burlesque achev\u00e9. Je me souviens d\u2019un \u00e9pisode au S\u00e9n\u00e9gal. L\u2019ancien pr\u00e9sident Abdoulaye Wade, exc\u00e9d\u00e9 par ce qu\u2019il consid\u00e9rait comme un acharnement de Macky Sall sur son fils, lan\u00e7a \u00e0 ce dernier qu\u2019il \u00e9tait un descendant d\u2019esclave et qu\u2019en d\u2019autres temps, il n\u2019aurait m\u00eame pas pu lui adresser la parole. Surgit alors un homme \u2014 t\u00e9l\u00e9guid\u00e9 ou pas, peu importe \u2014 affirmant que sa propre famille avait \u00e9t\u00e9 esclave de celle des Sall, et qu\u2019un esclave ne pouvant avoir d\u2019esclave, cela prouvait la sup\u00e9riorit\u00e9 de la famille Sall.<\/p>\n\n\n\n<p>Venons-en au cas mauritanien. Tout est parti des propos d\u2019un blogueur \u00e9tabli aux \u00c9tats-Unis, militant proche de Biram Dah Abeid, qui se bat pour l\u2019\u00e9galit\u00e9 et les couches d\u00e9favoris\u00e9es \u2014 un combat honorable en soi. Mais voil\u00e0 que, sortant de ce registre, il a insult\u00e9 M. Noredine Ould Mohamedou en le traitant de \u00ab forgeron \u00bb, c\u2019est-\u00e0-dire en l\u2019assignant \u00e0 une cat\u00e9gorie sociale jadis consid\u00e9r\u00e9e comme inf\u00e9rieure. La cible n\u2019est pourtant pas n\u2019importe qui : docteur en informatique, professeur d\u2019universit\u00e9, leader politique. L\u2019insulte visait \u00e0 lui rappeler que, malgr\u00e9 ses dipl\u00f4mes, il \u00ab devait rester \u00e0 son rang \u00bb.<\/p>\n\n\n\n<p>Un tel propos, qui enferme l\u2019homme dans son origine, n\u2019inspire que le m\u00e9pris. Mais il m\u00e9rite d\u2019\u00eatre relev\u00e9, car M. Ould Mohamedou a cru bon de r\u00e9pondre en d\u00e9clinant une g\u00e9n\u00e9alogie de cinquante g\u00e9n\u00e9rations, le rattachant au Proph\u00e8te \u00e0 travers sa fille. Comme si cette ascendance devait constituer un gage de valeur ou de sup\u00e9riorit\u00e9. Le m\u00eame homme fustige pourtant les cercles traditionnels qui croient encore \u00e0 la hi\u00e9rarchie des classes. Contradiction flagrante.<\/p>\n\n\n\n<p>Professeur et pr\u00e9sident d\u2019un parti qui se veut \u00e9galitariste, vous dites ne pas \u00eatre forgeron. Soit. Mais qu\u2019importe ? Votre valeur se mesure \u00e0 votre intelligence et \u00e0 votre travail, pas \u00e0 vos origines. La vraie question est ailleurs : consid\u00e9rez-vous vos \u00e9tudiants, qu\u2019ils soient descendants de forgerons ou non, avec le m\u00eame respect ? Si chaque attaque vous pousse \u00e0 exhiber votre pedigree, vous ne valez gu\u00e8re mieux qu\u2019un \u00ab forgeron moral \u00bb.<\/p>\n\n\n\n<p>La Mauritanie d\u2019aujourd\u2019hui est faite de toutes ces composantes \u2014 forgerons, griots, harratines, aznaga \u2014 qui repr\u00e9sentent sans doute plus de 80 % de la population. Ce sont aussi des \u00e9lecteurs. Le pouvoir, au XXI\u1d49 si\u00e8cle, ne se transmet plus par le sang : ce sont ces hommes et ces femmes qui le donnent par leur vote.<\/p>\n\n\n\n<p>Deux le\u00e7ons de comparaison s\u2019imposent. L\u2019Inde, malgr\u00e9 son immense potentiel et sa croissance, reste prisonni\u00e8re de sa stratification sociale : une large partie de sa population demeure exclue du progr\u00e8s. La Chine, \u00e0 l\u2019inverse, a su gommer ces distinctions d\u2019origine pour faire de l\u2019effort et du m\u00e9rite les v\u00e9ritables cl\u00e9s du d\u00e9veloppement. R\u00e9sultat : elle est aujourd\u2019hui la deuxi\u00e8me puissance mondiale.<\/p>\n\n\n\n<p>Dieu merci, la Mauritanie est per\u00e7ue davantage \u00e0 travers ce mod\u00e8le chinois que par celui de l\u2019Inde. \u00c0 nous de pr\u00e9server cette voie, en refusant que des archa\u00efsmes identitaires viennent freiner notre marche vers le progr\u00e8s.<\/p>\n","protected":false},"excerpt":{"rendered":"<p>Par Jemal Taleb, avocat au barreau de Paris Vous ne me croirez pas : tout&#8230;<\/p>\n","protected":false},"author":4,"featured_media":283,"comment_status":"open","ping_status":"open","sticky":false,"template":"","format":"standard","meta":{"footnotes":""},"categories":[7],"tags":[],"class_list":["post-282","post","type-post","status-publish","format-standard","has-post-thumbnail","hentry","category-opinions"],"_links":{"self":[{"href":"https:\/\/mauritanie-demain.org\/index.php\/wp-json\/wp\/v2\/posts\/282","targetHints":{"allow":["GET"]}}],"collection":[{"href":"https:\/\/mauritanie-demain.org\/index.php\/wp-json\/wp\/v2\/posts"}],"about":[{"href":"https:\/\/mauritanie-demain.org\/index.php\/wp-json\/wp\/v2\/types\/post"}],"author":[{"embeddable":true,"href":"https:\/\/mauritanie-demain.org\/index.php\/wp-json\/wp\/v2\/users\/4"}],"replies":[{"embeddable":true,"href":"https:\/\/mauritanie-demain.org\/index.php\/wp-json\/wp\/v2\/comments?post=282"}],"version-history":[{"count":1,"href":"https:\/\/mauritanie-demain.org\/index.php\/wp-json\/wp\/v2\/posts\/282\/revisions"}],"predecessor-version":[{"id":284,"href":"https:\/\/mauritanie-demain.org\/index.php\/wp-json\/wp\/v2\/posts\/282\/revisions\/284"}],"wp:featuredmedia":[{"embeddable":true,"href":"https:\/\/mauritanie-demain.org\/index.php\/wp-json\/wp\/v2\/media\/283"}],"wp:attachment":[{"href":"https:\/\/mauritanie-demain.org\/index.php\/wp-json\/wp\/v2\/media?parent=282"}],"wp:term":[{"taxonomy":"category","embeddable":true,"href":"https:\/\/mauritanie-demain.org\/index.php\/wp-json\/wp\/v2\/categories?post=282"},{"taxonomy":"post_tag","embeddable":true,"href":"https:\/\/mauritanie-demain.org\/index.php\/wp-json\/wp\/v2\/tags?post=282"}],"curies":[{"name":"wp","href":"https:\/\/api.w.org\/{rel}","templated":true}]}}