{"id":221,"date":"2025-09-05T07:05:35","date_gmt":"2025-09-05T07:05:35","guid":{"rendered":"https:\/\/mauritanie-demain.org\/?p=221"},"modified":"2025-09-05T07:05:35","modified_gmt":"2025-09-05T07:05:35","slug":"mauritanie-le-ministere-de-lagriculture-promet-un-approvisionnement-en-legumes-des-decembre","status":"publish","type":"post","link":"https:\/\/mauritanie-demain.org\/index.php\/2025\/09\/05\/mauritanie-le-ministere-de-lagriculture-promet-un-approvisionnement-en-legumes-des-decembre\/","title":{"rendered":"Mauritanie : le minist\u00e8re de l\u2019Agriculture promet un approvisionnement en l\u00e9gumes d\u00e8s d\u00e9cembre"},"content":{"rendered":"\n<h3 class=\"wp-block-heading\"><\/h3>\n\n\n\n<p>En Mauritanie, le gouvernement se dit mobilis\u00e9 pour renforcer la production locale de l\u00e9gumes. Le ministre de l\u2019Agriculture et de la Souverainet\u00e9 alimentaire, Memma Ould Beibatta, a assur\u00e9 lundi que les march\u00e9s du pays seraient approvisionn\u00e9s en produits mara\u00eechers d\u00e8s le d\u00e9but du mois de d\u00e9cembre prochain.<\/p>\n\n\n\n<p>Cette annonce a \u00e9t\u00e9 faite lors d\u2019une r\u00e9union \u00e9largie consacr\u00e9e au lancement de la campagne agricole hivernale. Y participaient des producteurs, des cadres du minist\u00e8re et plusieurs acteurs du secteur. L\u2019objectif affich\u00e9 : anticiper les besoins du march\u00e9 int\u00e9rieur et r\u00e9duire la d\u00e9pendance aux importations.<\/p>\n\n\n\n<p>Le ministre a indiqu\u00e9 que des mesures avaient \u00e9t\u00e9 prises pour faciliter l\u2019acc\u00e8s des agriculteurs aux semences am\u00e9lior\u00e9es et aux intrants agricoles. Les proc\u00e9dures douani\u00e8res pour les \u00e9quipements seront \u00e9galement all\u00e9g\u00e9es. Le gouvernement promet en parall\u00e8le d\u2019am\u00e9liorer les conditions de stockage et de commercialisation afin de limiter les pertes post-r\u00e9colte.<\/p>\n\n\n\n<p>\u00ab Cette r\u00e9union ouvre la voie \u00e0 une s\u00e9rie d\u2019\u00e9changes techniques sp\u00e9cialis\u00e9s pour garantir le succ\u00e8s de la campagne \u00e0 toutes les \u00e9tapes \u00bb, a expliqu\u00e9 Memma Ould Beibatta, qui a insist\u00e9 sur l\u2019importance d\u2019un accompagnement rapproch\u00e9 des producteurs.<\/p>\n\n\n\n<p>Le secteur priv\u00e9 se montre \u00e9galement confiant. Mohamed Zeine El Abidine Ould Cheikh Ahmed, pr\u00e9sident de l\u2019Union nationale des employeurs mauritaniens, a salu\u00e9 une campagne \u00ab particuli\u00e8re \u00e0 tous \u00e9gards \u00bb, en raison de l\u2019int\u00e9r\u00eat suscit\u00e9 et des moyens mis en place. Selon lui, l\u2019ach\u00e8vement de la route menant au port de N\u2019Diago devrait am\u00e9liorer la fluidit\u00e9 de l\u2019approvisionnement et ouvrir de nouvelles perspectives d\u2019exportation.<\/p>\n\n\n\n<p>Les capacit\u00e9s de stockage atteignent d\u00e9sormais 13 000 tonnes, un niveau jug\u00e9 suffisant pour pr\u00e9server la qualit\u00e9 des r\u00e9coltes et limiter les pertes. Pour les autorit\u00e9s, il s\u2019agit d\u2019un levier important pour stabiliser les prix sur les march\u00e9s.<\/p>\n\n\n\n<p>L\u2019an dernier, le taux d\u2019autosuffisance en l\u00e9gumes se situait entre 35 et 40 %. Un \u00ab indicateur prometteur \u00bb, selon le patronat, qui estime que la campagne hivernale 2025 pourrait marquer une \u00e9tape d\u00e9cisive vers une meilleure s\u00e9curit\u00e9 alimentaire.<\/p>\n","protected":false},"excerpt":{"rendered":"<p>En Mauritanie, le gouvernement se dit mobilis\u00e9 pour renforcer la production locale de l\u00e9gumes. Le&#8230;<\/p>\n","protected":false},"author":4,"featured_media":222,"comment_status":"open","ping_status":"open","sticky":false,"template":"","format":"standard","meta":{"footnotes":""},"categories":[11],"tags":[],"class_list":["post-221","post","type-post","status-publish","format-standard","has-post-thumbnail","hentry","category-agriculture-peche"],"_links":{"self":[{"href":"https:\/\/mauritanie-demain.org\/index.php\/wp-json\/wp\/v2\/posts\/221","targetHints":{"allow":["GET"]}}],"collection":[{"href":"https:\/\/mauritanie-demain.org\/index.php\/wp-json\/wp\/v2\/posts"}],"about":[{"href":"https:\/\/mauritanie-demain.org\/index.php\/wp-json\/wp\/v2\/types\/post"}],"author":[{"embeddable":true,"href":"https:\/\/mauritanie-demain.org\/index.php\/wp-json\/wp\/v2\/users\/4"}],"replies":[{"embeddable":true,"href":"https:\/\/mauritanie-demain.org\/index.php\/wp-json\/wp\/v2\/comments?post=221"}],"version-history":[{"count":1,"href":"https:\/\/mauritanie-demain.org\/index.php\/wp-json\/wp\/v2\/posts\/221\/revisions"}],"predecessor-version":[{"id":223,"href":"https:\/\/mauritanie-demain.org\/index.php\/wp-json\/wp\/v2\/posts\/221\/revisions\/223"}],"wp:featuredmedia":[{"embeddable":true,"href":"https:\/\/mauritanie-demain.org\/index.php\/wp-json\/wp\/v2\/media\/222"}],"wp:attachment":[{"href":"https:\/\/mauritanie-demain.org\/index.php\/wp-json\/wp\/v2\/media?parent=221"}],"wp:term":[{"taxonomy":"category","embeddable":true,"href":"https:\/\/mauritanie-demain.org\/index.php\/wp-json\/wp\/v2\/categories?post=221"},{"taxonomy":"post_tag","embeddable":true,"href":"https:\/\/mauritanie-demain.org\/index.php\/wp-json\/wp\/v2\/tags?post=221"}],"curies":[{"name":"wp","href":"https:\/\/api.w.org\/{rel}","templated":true}]}}