{"id":217,"date":"2025-09-04T21:37:15","date_gmt":"2025-09-04T21:37:15","guid":{"rendered":"https:\/\/mauritanie-demain.org\/?p=217"},"modified":"2025-09-04T21:37:16","modified_gmt":"2025-09-04T21:37:16","slug":"la-mauritanie-terre-de-transit-et-daccueil-ce-que-revele-une-enquete-conjointe-oim-ansade","status":"publish","type":"post","link":"https:\/\/mauritanie-demain.org\/index.php\/2025\/09\/04\/la-mauritanie-terre-de-transit-et-daccueil-ce-que-revele-une-enquete-conjointe-oim-ansade\/","title":{"rendered":"La Mauritanie, terre de transit et d\u2019accueil : ce que r\u00e9v\u00e8le une enqu\u00eate conjointe OIM-ANSADE"},"content":{"rendered":"\n<p>Une nouvelle enqu\u00eate vient \u00e9clairer la r\u00e9alit\u00e9 migratoire en Mauritanie. R\u00e9alis\u00e9e conjointement par l\u2019Organisation internationale pour les migrations (OIM) et l\u2019Agence nationale de la statistique et de l\u2019analyse d\u00e9mographique et \u00e9conomique (ANSADE), elle met en \u00e9vidence les profils des migrants install\u00e9s dans plusieurs villes du pays, devenu \u00e0 la fois une zone de transit et un territoire d\u2019accueil.<\/p>\n\n\n\n<p>Men\u00e9e entre le 1er et le 22 mai 2025, l\u2019\u00e9tude a concern\u00e9 Nouakchott, Nouadhibou et S\u00e9libabi, avec un objectif clair : fournir aux d\u00e9cideurs publics des donn\u00e9es fiables pour \u00e9laborer des politiques migratoires plus efficaces, centr\u00e9es sur la protection et l\u2019int\u00e9gration des migrants. Elle intervient dans un contexte marqu\u00e9 par un double d\u00e9fi : d\u2019un c\u00f4t\u00e9, la libre circulation garantie par les accords africains ; de l\u2019autre, une coop\u00e9ration accrue avec l\u2019Union europ\u00e9enne pour limiter les d\u00e9parts irr\u00e9guliers.<\/p>\n\n\n\n<p>La Mauritanie, en raison de sa position strat\u00e9gique entre l\u2019Afrique de l\u2019Ouest, le Sahel et le Maghreb, attire de nombreux ressortissants d\u2019Afrique de l\u2019Ouest et du Centre. Selon les premi\u00e8res conclusions, l\u2019opportunit\u00e9 \u00e9conomique constitue, aux c\u00f4t\u00e9s de la g\u00e9ographie, un facteur d\u00e9terminant. Nouakchott et Nouadhibou apparaissent comme les principaux p\u00f4les d\u2019installation, suivis de Rosso, S\u00e9libabi et Chami, qui jouent aussi un r\u00f4le de carrefours migratoires.<\/p>\n\n\n\n<p>L\u2019\u00e9tude met en \u00e9vidence des parcours vari\u00e9s. Certains migrants s\u2019installent de mani\u00e8re temporaire pour travailler dans le commerce, la p\u00eache ou les services, d\u2019autres voient la Mauritanie comme un simple point de passage vers l\u2019Europe. Dans les deux cas, la question de l\u2019acc\u00e8s \u00e0 l\u2019emploi, aux services de base et \u00e0 la r\u00e9gularisation de leur statut reste centrale.<\/p>\n\n\n\n<p>La publication de ces r\u00e9sultats intervient quelques mois apr\u00e8s la signature, en mars 2025, d\u2019une d\u00e9claration conjointe entre la Mauritanie et l\u2019Union europ\u00e9enne sur la gestion des flux migratoires, un accord qui avait suscit\u00e9 de vifs d\u00e9bats. Pour les autorit\u00e9s, disposer de donn\u00e9es plus fines permettra de mieux concilier les engagements internationaux du pays et la n\u00e9cessit\u00e9 d\u2019assurer la coh\u00e9sion sociale sur le territoire.<\/p>\n\n\n\n<p><\/p>\n","protected":false},"excerpt":{"rendered":"<p>Une nouvelle enqu\u00eate vient \u00e9clairer la r\u00e9alit\u00e9 migratoire en Mauritanie. R\u00e9alis\u00e9e conjointement par l\u2019Organisation internationale&#8230;<\/p>\n","protected":false},"author":4,"featured_media":218,"comment_status":"open","ping_status":"open","sticky":false,"template":"","format":"standard","meta":{"footnotes":""},"categories":[5,14],"tags":[],"class_list":["post-217","post","type-post","status-publish","format-standard","has-post-thumbnail","hentry","category-economie","category-securite"],"_links":{"self":[{"href":"https:\/\/mauritanie-demain.org\/index.php\/wp-json\/wp\/v2\/posts\/217","targetHints":{"allow":["GET"]}}],"collection":[{"href":"https:\/\/mauritanie-demain.org\/index.php\/wp-json\/wp\/v2\/posts"}],"about":[{"href":"https:\/\/mauritanie-demain.org\/index.php\/wp-json\/wp\/v2\/types\/post"}],"author":[{"embeddable":true,"href":"https:\/\/mauritanie-demain.org\/index.php\/wp-json\/wp\/v2\/users\/4"}],"replies":[{"embeddable":true,"href":"https:\/\/mauritanie-demain.org\/index.php\/wp-json\/wp\/v2\/comments?post=217"}],"version-history":[{"count":1,"href":"https:\/\/mauritanie-demain.org\/index.php\/wp-json\/wp\/v2\/posts\/217\/revisions"}],"predecessor-version":[{"id":219,"href":"https:\/\/mauritanie-demain.org\/index.php\/wp-json\/wp\/v2\/posts\/217\/revisions\/219"}],"wp:featuredmedia":[{"embeddable":true,"href":"https:\/\/mauritanie-demain.org\/index.php\/wp-json\/wp\/v2\/media\/218"}],"wp:attachment":[{"href":"https:\/\/mauritanie-demain.org\/index.php\/wp-json\/wp\/v2\/media?parent=217"}],"wp:term":[{"taxonomy":"category","embeddable":true,"href":"https:\/\/mauritanie-demain.org\/index.php\/wp-json\/wp\/v2\/categories?post=217"},{"taxonomy":"post_tag","embeddable":true,"href":"https:\/\/mauritanie-demain.org\/index.php\/wp-json\/wp\/v2\/tags?post=217"}],"curies":[{"name":"wp","href":"https:\/\/api.w.org\/{rel}","templated":true}]}}