{"id":214,"date":"2025-09-04T21:17:05","date_gmt":"2025-09-04T21:17:05","guid":{"rendered":"https:\/\/mauritanie-demain.org\/?p=214"},"modified":"2025-09-04T21:18:19","modified_gmt":"2025-09-04T21:18:19","slug":"sidi-ould-tah-prend-les-renes-de-la-banque-africaine-de-developpement","status":"publish","type":"post","link":"https:\/\/mauritanie-demain.org\/index.php\/2025\/09\/04\/sidi-ould-tah-prend-les-renes-de-la-banque-africaine-de-developpement\/","title":{"rendered":"Sidi Ould Tah prend les r\u00eanes de la Banque africaine de d\u00e9veloppement"},"content":{"rendered":"\n<p>\u00c0 Abidjan, la Banque africaine de d\u00e9veloppement (BAD) a ouvert, lundi 1er septembre, un nouveau chapitre de son histoire. Sous une pluie fine tomb\u00e9e sur la capitale \u00e9conomique ivoirienne, l\u2019\u00e9conomiste mauritanien Sidi Ould Tah a pr\u00eat\u00e9 serment, prenant les r\u00eanes de la principale institution financi\u00e8re panafricaine. Il devient le neuvi\u00e8me pr\u00e9sident de la Banque, succ\u00e9dant au Nig\u00e9rian Akinwumi Adesina, qui aura marqu\u00e9 l\u2019institution par deux mandats successifs depuis 2015.<\/p>\n\n\n\n<p>La c\u00e9r\u00e9monie s\u2019est d\u00e9roul\u00e9e au Sofitel H\u00f4tel Ivoire, en pr\u00e9sence de deux chefs d\u2019\u00c9tat : Alassane Ouattara pour la C\u00f4te d\u2019Ivoire, pays h\u00f4te de l\u2019institution, et Mohamed Ould Cheikh El Ghazouani pour la Mauritanie, patrie du nouveau dirigeant. \u00c9taient \u00e9galement pr\u00e9sents d\u2019anciens pr\u00e9sidents de la BAD, dont Donald Kaberuka et Akinwumi Adesina, ainsi que des administrateurs, membres du personnel et partenaires internationaux.<\/p>\n\n\n\n<h3 class=\"wp-block-heading\"><strong>Une \u00e9lection record<\/strong><\/h3>\n\n\n\n<p>\u00c2g\u00e9 de 60 ans, Sidi Ould Tah avait \u00e9t\u00e9 \u00e9lu en mai dernier avec plus de 76 % des voix, soit la plus large marge jamais obtenue pour un premier mandat. Ancien pr\u00e9sident de la Banque arabe pour le d\u00e9veloppement \u00e9conomique en Afrique (BADEA), il y avait supervis\u00e9 une croissance sans pr\u00e9c\u00e9dent, doublant presque les actifs et multipliant par douze les approbations annuelles. Il fut aussi ministre de l\u2019\u00c9conomie et des Finances de Mauritanie entre 2008 et 2015.<\/p>\n\n\n\n<p>Polyglotte \u2013 il parle arabe, anglais, fran\u00e7ais, portugais et espagnol \u2013 M. Tah est titulaire d\u2019un doctorat en \u00e9conomie de l\u2019universit\u00e9 de Nice Sophia Antipolis. Son profil d\u2019\u00e9conomiste et de r\u00e9formateur a convaincu les actionnaires de lui confier la direction d\u2019une institution forte de 318 milliards de dollars de capital et not\u00e9e AAA depuis dix ans.<\/p>\n\n\n\n<h3 class=\"wp-block-heading\"><strong>\u00ab Une banque attentive et r\u00e9active \u00bb<\/strong><\/h3>\n\n\n\n<p>Dans son discours d\u2019investiture, le nouveau pr\u00e9sident a fix\u00e9 le cap : \u00ab Nous serons la banque qui comblera les foss\u00e9s entre les r\u00e9gions, entre les ambitions et la mise en \u0153uvre, entre le public et le priv\u00e9 \u00bb. Il a pr\u00e9sent\u00e9 quatre priorit\u00e9s pour ses cent premiers jours : l\u2019\u00e9coute, un programme de r\u00e9formes acc\u00e9l\u00e9r\u00e9, le renforcement des partenariats et l\u2019acc\u00e9l\u00e9ration de solutions concr\u00e8tes.<\/p>\n\n\n\n<p>Le pr\u00e9sident mauritanien Mohamed Ould Ghazouani a salu\u00e9 \u00ab la lourde responsabilit\u00e9 \u00bb qui attend son compatriote, tandis qu\u2019Alassane Ouattara a \u00e9voqu\u00e9 \u00ab une nouvelle \u00e8re d\u2019espoir pour l\u2019Afrique \u00bb.<\/p>\n\n\n\n<p>Sidi Ould Tah a conclu en insistant sur le r\u00f4le strat\u00e9gique de la BAD face aux d\u00e9fis d\u00e9mographiques, climatiques et technologiques du continent : \u00ab La Banque doit aider l\u2019Afrique \u00e0 naviguer vers une plus grande autonomie, une ambition accrue et une capacit\u00e9 renforc\u00e9e d\u2019action \u00bb.<\/p>\n","protected":false},"excerpt":{"rendered":"<p>\u00c0 Abidjan, la Banque africaine de d\u00e9veloppement (BAD) a ouvert, lundi 1er septembre, un nouveau&#8230;<\/p>\n","protected":false},"author":4,"featured_media":215,"comment_status":"open","ping_status":"open","sticky":false,"template":"","format":"standard","meta":{"footnotes":""},"categories":[9,1],"tags":[],"class_list":["post-214","post","type-post","status-publish","format-standard","has-post-thumbnail","hentry","category-afrique","category-uncategorized"],"_links":{"self":[{"href":"https:\/\/mauritanie-demain.org\/index.php\/wp-json\/wp\/v2\/posts\/214","targetHints":{"allow":["GET"]}}],"collection":[{"href":"https:\/\/mauritanie-demain.org\/index.php\/wp-json\/wp\/v2\/posts"}],"about":[{"href":"https:\/\/mauritanie-demain.org\/index.php\/wp-json\/wp\/v2\/types\/post"}],"author":[{"embeddable":true,"href":"https:\/\/mauritanie-demain.org\/index.php\/wp-json\/wp\/v2\/users\/4"}],"replies":[{"embeddable":true,"href":"https:\/\/mauritanie-demain.org\/index.php\/wp-json\/wp\/v2\/comments?post=214"}],"version-history":[{"count":1,"href":"https:\/\/mauritanie-demain.org\/index.php\/wp-json\/wp\/v2\/posts\/214\/revisions"}],"predecessor-version":[{"id":216,"href":"https:\/\/mauritanie-demain.org\/index.php\/wp-json\/wp\/v2\/posts\/214\/revisions\/216"}],"wp:featuredmedia":[{"embeddable":true,"href":"https:\/\/mauritanie-demain.org\/index.php\/wp-json\/wp\/v2\/media\/215"}],"wp:attachment":[{"href":"https:\/\/mauritanie-demain.org\/index.php\/wp-json\/wp\/v2\/media?parent=214"}],"wp:term":[{"taxonomy":"category","embeddable":true,"href":"https:\/\/mauritanie-demain.org\/index.php\/wp-json\/wp\/v2\/categories?post=214"},{"taxonomy":"post_tag","embeddable":true,"href":"https:\/\/mauritanie-demain.org\/index.php\/wp-json\/wp\/v2\/tags?post=214"}],"curies":[{"name":"wp","href":"https:\/\/api.w.org\/{rel}","templated":true}]}}