{"id":164,"date":"2025-08-07T12:02:57","date_gmt":"2025-08-07T12:02:57","guid":{"rendered":"https:\/\/mauritanie-demain.org\/?p=164"},"modified":"2025-08-07T12:02:57","modified_gmt":"2025-08-07T12:02:57","slug":"la-cfpo-presse-le-president-ghazouani-dagir-face-a-laggravation-des-conditions-de-vie-des-mauritaniens","status":"publish","type":"post","link":"https:\/\/mauritanie-demain.org\/index.php\/2025\/08\/07\/la-cfpo-presse-le-president-ghazouani-dagir-face-a-laggravation-des-conditions-de-vie-des-mauritaniens\/","title":{"rendered":"La CFPO presse le Pr\u00e9sident Ghazouani d\u2019agir face \u00e0 l\u2019aggravation des conditions de vie des Mauritaniens"},"content":{"rendered":"\n<p>La <strong>Coalition des forces populaires d\u2019opposition (CFPO)<\/strong> a lanc\u00e9 un appel urgent au pr\u00e9sident <strong>Mohamed Ould Cheikh El Ghazouani<\/strong> pour qu\u2019il intervienne rapidement et mette un terme \u00e0 ce qu\u2019elle d\u00e9crit comme le v\u00e9ritable \u00ab calvaire \u00bb v\u00e9cu par les Mauritaniens, confront\u00e9s \u00e0 une d\u00e9gradation inqui\u00e9tante de leurs conditions de vie.<\/p>\n\n\n\n<h3 class=\"wp-block-heading\">Une situation jug\u00e9e critique<\/h3>\n\n\n\n<p>Dans un communiqu\u00e9 rendu public dans la nuit de mercredi \u00e0 jeudi, la coalition exprime sa vive inqui\u00e9tude face \u00e0 une conjoncture marqu\u00e9e par la <strong>flamb\u00e9e des prix des produits de consommation courante<\/strong>, ainsi que par la <strong>d\u00e9gradation des services \u00e9ducatifs et sanitaires<\/strong>. Elle pointe \u00e9galement les <strong>coupures r\u00e9currentes d\u2019\u00e9lectricit\u00e9 et d\u2019eau<\/strong>, qui aggravent encore l\u2019\u00e9tat de mal-vivre des habitants de Nouakchott et des autres villes du pays.<\/p>\n\n\n\n<p>La CFPO accuse le gouvernement de faire preuve d\u2019<strong>incapacit\u00e9 \u00e0 prendre des mesures concr\u00e8tes<\/strong> pour r\u00e9soudre cette crise prolong\u00e9e. Elle souligne que cette situation produit \u00ab des dommages et des pertes mat\u00e9rielles consid\u00e9rables \u00bb, impactant quotidiennement les familles mauritaniennes.<\/p>\n\n\n\n<h3 class=\"wp-block-heading\">Un appel \u00e0 l\u2019action<\/h3>\n\n\n\n<p>La coalition appelle le pr\u00e9sident \u00e0 <strong>intervenir sans d\u00e9lai<\/strong>, afin de soulager la population et restaurer l\u2019acc\u00e8s aux services de base. Elle insiste sur la n\u00e9cessit\u00e9 de prendre <strong>des mesures structurelles et durables<\/strong>, plut\u00f4t que de se contenter d\u2019actions ponctuelles et inefficaces.<\/p>\n\n\n\n<h3 class=\"wp-block-heading\">Une coalition unie pour faire face aux d\u00e9fis<\/h3>\n\n\n\n<p>Fond\u00e9e en d\u00e9cembre dernier, la CFPO rassemble plusieurs partis d\u2019opposition, personnalit\u00e9s ind\u00e9pendantes et activistes politiques. Sa cr\u00e9ation visait \u00e0 <strong>unifier les forces oppos\u00e9es au r\u00e9gime<\/strong>, pour porter ensemble des solutions \u00e0 la crise politique, sociale et \u00e9conomique que traverse le pays. Elle promeut un <strong>dialogue national inclusif<\/strong> comme voie de sortie de crise.<\/p>\n","protected":false},"excerpt":{"rendered":"<p>La Coalition des forces populaires d\u2019opposition (CFPO) a lanc\u00e9 un appel urgent au pr\u00e9sident Mohamed&#8230;<\/p>\n","protected":false},"author":2,"featured_media":165,"comment_status":"open","ping_status":"open","sticky":false,"template":"","format":"standard","meta":{"footnotes":""},"categories":[3],"tags":[],"class_list":["post-164","post","type-post","status-publish","format-standard","has-post-thumbnail","hentry","category-politique-et-democratie"],"_links":{"self":[{"href":"https:\/\/mauritanie-demain.org\/index.php\/wp-json\/wp\/v2\/posts\/164","targetHints":{"allow":["GET"]}}],"collection":[{"href":"https:\/\/mauritanie-demain.org\/index.php\/wp-json\/wp\/v2\/posts"}],"about":[{"href":"https:\/\/mauritanie-demain.org\/index.php\/wp-json\/wp\/v2\/types\/post"}],"author":[{"embeddable":true,"href":"https:\/\/mauritanie-demain.org\/index.php\/wp-json\/wp\/v2\/users\/2"}],"replies":[{"embeddable":true,"href":"https:\/\/mauritanie-demain.org\/index.php\/wp-json\/wp\/v2\/comments?post=164"}],"version-history":[{"count":1,"href":"https:\/\/mauritanie-demain.org\/index.php\/wp-json\/wp\/v2\/posts\/164\/revisions"}],"predecessor-version":[{"id":166,"href":"https:\/\/mauritanie-demain.org\/index.php\/wp-json\/wp\/v2\/posts\/164\/revisions\/166"}],"wp:featuredmedia":[{"embeddable":true,"href":"https:\/\/mauritanie-demain.org\/index.php\/wp-json\/wp\/v2\/media\/165"}],"wp:attachment":[{"href":"https:\/\/mauritanie-demain.org\/index.php\/wp-json\/wp\/v2\/media?parent=164"}],"wp:term":[{"taxonomy":"category","embeddable":true,"href":"https:\/\/mauritanie-demain.org\/index.php\/wp-json\/wp\/v2\/categories?post=164"},{"taxonomy":"post_tag","embeddable":true,"href":"https:\/\/mauritanie-demain.org\/index.php\/wp-json\/wp\/v2\/tags?post=164"}],"curies":[{"name":"wp","href":"https:\/\/api.w.org\/{rel}","templated":true}]}}