{"id":151,"date":"2025-07-29T15:33:16","date_gmt":"2025-07-29T15:33:16","guid":{"rendered":"https:\/\/mauritanie-demain.org\/?p=151"},"modified":"2025-07-29T15:33:16","modified_gmt":"2025-07-29T15:33:16","slug":"la-mauritanie-franchit-une-etape-historique-avec-le-vaccin-hexavalent","status":"publish","type":"post","link":"https:\/\/mauritanie-demain.org\/index.php\/2025\/07\/29\/la-mauritanie-franchit-une-etape-historique-avec-le-vaccin-hexavalent\/","title":{"rendered":"La Mauritanie franchit une \u00e9tape historique avec le vaccin hexavalent"},"content":{"rendered":"\n<p>La Mauritanie a officiellement int\u00e9gr\u00e9 le <strong>vaccin hexavalent<\/strong> dans son calendrier vaccinal national, offrant aux enfants une protection \u00e9largie contre six maladies graves : dipht\u00e9rie, t\u00e9tanos, coqueluche, h\u00e9patite\u202fB, infections \u00e0 Haemophilus influenzae type b et poliomy\u00e9lite<\/p>\n\n\n\n<h3 class=\"wp-block-heading\">Une r\u00e9forme structurante pour le syst\u00e8me de sant\u00e9<\/h3>\n\n\n\n<ul class=\"wp-block-list\">\n<li>Le vaccin pentavalent a \u00e9t\u00e9 remplac\u00e9 par l\u2019hexavalent \u00e0 compter du 1er juillet 2025.<\/li>\n\n\n\n<li>Une dose de rappel est d\u00e9sormais ajout\u00e9e au calendrier vaccinal \u00e0 15 mois\u2002<a href=\"https:\/\/mauriweb.info\/node\/14472?utm_source=chatgpt.com\" target=\"_blank\" rel=\"noreferrer noopener\">Mauriweb<\/a>.<\/li>\n\n\n\n<li>Le nouveau sch\u00e9ma vaccinal r\u00e9duit le nombre total d\u2019injections tout en renfor\u00e7ant la couverture immunitaire, am\u00e9liorant ainsi l\u2019accessibilit\u00e9 et l\u2019observance des familles<\/li>\n<\/ul>\n\n\n\n<p>La c\u00e9r\u00e9monie officielle de lancement s\u2019est d\u00e9roul\u00e9e au Centre de Maternit\u00e9 Pilote de Nouakchott, en pr\u00e9sence du ministre de la Sant\u00e9, d\u2019\u00e9lus locaux et de repr\u00e9sentants de l\u2019OMS, de l\u2019UNICEF et de Gavi\u2002<\/p>\n\n\n\n<h3 class=\"wp-block-heading\">Un tournant vers l\u2019\u00e9quit\u00e9 et la modernisation<\/h3>\n\n\n\n<p>Le ministre de la Sant\u00e9 a qualifi\u00e9 cette avanc\u00e9e de \u00ab saut qualitatif \u00bb pour le syst\u00e8me national, soulignant les ambitions du pr\u00e9sident Mohamed Ould Cheikh El Ghazouani d\u2019am\u00e9liorer la sant\u00e9 de base et la pr\u00e9vention sur tout le territoire national. Il a rappel\u00e9 que la vaccination constitue un pivot essentiel de la politique de sant\u00e9 publique, r\u00e9duisant le risque de handicap et de mortalit\u00e9 infantile tout en all\u00e9geant les d\u00e9penses \u00e0 long terme<\/p>\n\n\n\n<h3 class=\"wp-block-heading\">Une mise en \u0153uvre soigneusement planifi\u00e9e<\/h3>\n\n\n\n<ul class=\"wp-block-list\">\n<li>Les outils de gestion ont \u00e9t\u00e9 mis \u00e0 jour pour int\u00e9grer le vaccin hexavalent.<\/li>\n\n\n\n<li>Le personnel de sant\u00e9 a re\u00e7u une formation sp\u00e9cifique au nouveau calendrier.<\/li>\n\n\n\n<li>La logistique, notamment la cha\u00eene du froid, a \u00e9t\u00e9 renforc\u00e9e pour assurer un d\u00e9ploiement efficace et s\u00e9curis\u00e9 dans toutes les r\u00e9gions<\/li>\n\n\n\n<li>Le programme de rattrapage post-pand\u00e9mie Covid\u201119 a \u00e9t\u00e9 ajust\u00e9 pour cibler les enfants non vaccin\u00e9s\u2002<a href=\"https:\/\/www.afro.who.int\/fr\/countries\/mauritania\/news\/lancement-officiel-du-vaccin-hexavalent-dans-la-vaccination-de-routine-en-mauritanie-une-avancee?utm_source=chatgpt.com\" target=\"_blank\" rel=\"noreferrer noopener\"><\/a><\/li>\n<\/ul>\n\n\n\n<h3 class=\"wp-block-heading\">Impact et perspectives<\/h3>\n\n\n\n<p>Ce passage \u00e0 l\u2019hexavalent repr\u00e9sente :<\/p>\n\n\n\n<ul class=\"wp-block-list\">\n<li>Une r\u00e9duction du nombre d\u2019injections (de six \u00e0 trois forment),<\/li>\n\n\n\n<li>Un meilleur confort pour les enfants et les familles ainsi qu\u2019un all\u00e9gement de la charge logistique pour les \u00e9quipes de sant\u00e9,<\/li>\n\n\n\n<li>Une plus grande adh\u00e9sion des communaut\u00e9s aux campagnes de vaccination<\/li>\n<\/ul>\n\n\n\n<h3 class=\"wp-block-heading\">Pourquoi c\u2019est un tournant majeur<\/h3>\n\n\n\n<ul class=\"wp-block-list\">\n<li>La Mauritanie devient le <strong>premier pays soutenu par Gavi<\/strong> \u00e0 adopter ce vaccin multicomposant.<\/li>\n\n\n\n<li>Le projet s\u2019inscrit pleinement dans la strat\u00e9gie nationale d\u2019immunisation 2024\u20132028 et l\u2019agenda mondial d\u2019\u00e9quit\u00e9 vaccinale \u00e0 l\u2019horizon 2030<\/li>\n\n\n\n<li>Il traduit un <strong>engagement politique fort<\/strong> de l\u2019\u00c9tat pour renforcer la pr\u00e9vention, r\u00e9duire les disparit\u00e9s territoriales et promouvoir un syst\u00e8me de sant\u00e9 plus performant.<\/li>\n<\/ul>\n","protected":false},"excerpt":{"rendered":"<p>La Mauritanie a officiellement int\u00e9gr\u00e9 le vaccin hexavalent dans son calendrier vaccinal national, offrant aux&#8230;<\/p>\n","protected":false},"author":2,"featured_media":152,"comment_status":"open","ping_status":"open","sticky":false,"template":"","format":"standard","meta":{"footnotes":""},"categories":[15],"tags":[],"class_list":["post-151","post","type-post","status-publish","format-standard","has-post-thumbnail","hentry","category-sante"],"_links":{"self":[{"href":"https:\/\/mauritanie-demain.org\/index.php\/wp-json\/wp\/v2\/posts\/151","targetHints":{"allow":["GET"]}}],"collection":[{"href":"https:\/\/mauritanie-demain.org\/index.php\/wp-json\/wp\/v2\/posts"}],"about":[{"href":"https:\/\/mauritanie-demain.org\/index.php\/wp-json\/wp\/v2\/types\/post"}],"author":[{"embeddable":true,"href":"https:\/\/mauritanie-demain.org\/index.php\/wp-json\/wp\/v2\/users\/2"}],"replies":[{"embeddable":true,"href":"https:\/\/mauritanie-demain.org\/index.php\/wp-json\/wp\/v2\/comments?post=151"}],"version-history":[{"count":1,"href":"https:\/\/mauritanie-demain.org\/index.php\/wp-json\/wp\/v2\/posts\/151\/revisions"}],"predecessor-version":[{"id":153,"href":"https:\/\/mauritanie-demain.org\/index.php\/wp-json\/wp\/v2\/posts\/151\/revisions\/153"}],"wp:featuredmedia":[{"embeddable":true,"href":"https:\/\/mauritanie-demain.org\/index.php\/wp-json\/wp\/v2\/media\/152"}],"wp:attachment":[{"href":"https:\/\/mauritanie-demain.org\/index.php\/wp-json\/wp\/v2\/media?parent=151"}],"wp:term":[{"taxonomy":"category","embeddable":true,"href":"https:\/\/mauritanie-demain.org\/index.php\/wp-json\/wp\/v2\/categories?post=151"},{"taxonomy":"post_tag","embeddable":true,"href":"https:\/\/mauritanie-demain.org\/index.php\/wp-json\/wp\/v2\/tags?post=151"}],"curies":[{"name":"wp","href":"https:\/\/api.w.org\/{rel}","templated":true}]}}