{"id":145,"date":"2025-07-29T13:19:49","date_gmt":"2025-07-29T13:19:49","guid":{"rendered":"https:\/\/mauritanie-demain.org\/?p=145"},"modified":"2025-07-29T13:19:50","modified_gmt":"2025-07-29T13:19:50","slug":"croissance-stable-malgre-un-ralentissement-modere-en-2024","status":"publish","type":"post","link":"https:\/\/mauritanie-demain.org\/index.php\/2025\/07\/29\/croissance-stable-malgre-un-ralentissement-modere-en-2024\/","title":{"rendered":"Croissance stable malgr\u00e9 un ralentissement mod\u00e9r\u00e9 en 2024"},"content":{"rendered":"\n<p><strong>Nouakchott, juin 2025<\/strong> \u2013 Le Groupe de la Banque mondiale a publi\u00e9 sa huiti\u00e8me <strong>mise \u00e0 jour \u00e9conomique de la Mauritanie<\/strong>, soulignant les efforts du gouvernement pour maintenir la stabilit\u00e9 macro\u00e9conomique et renforcer la protection sociale dans un contexte de ralentissement l\u00e9ger de la croissance. Avec un PIB estim\u00e9 \u00e0 <strong>+5,2\u202f% en 2024<\/strong>, le pays reste en bonne posture compar\u00e9e \u00e0 ses voisins subsahariens\u2002<\/p>\n\n\n\n<h3 class=\"wp-block-heading\">Croissance et inflation ma\u00eetris\u00e9e<\/h3>\n\n\n\n<ul class=\"wp-block-list\">\n<li>Le recul de la croissance (de 6,4\u202f% \u00e0 5,2\u202f%) est principalement d\u00fb \u00e0 une <strong>d\u00e9gradation de la production extractive<\/strong>, particuli\u00e8rement dans le fer et l\u2019or, et \u00e0 une <strong>baisse des d\u00e9penses publiques<\/strong>.<\/li>\n\n\n\n<li>L\u2019<strong>inflation annuelle<\/strong> est rest\u00e9e faible (environ 1,5\u202f% fin 2024), gr\u00e2ce \u00e0 une <strong>politique mon\u00e9taire rigoureuse<\/strong> et la baisse des prix mondiaux du p\u00e9trole et des produits alimentaires<\/li>\n<\/ul>\n\n\n\n<h3 class=\"wp-block-heading\">Finances publiques assainies<\/h3>\n\n\n\n<p>Le d\u00e9ficit budg\u00e9taire a \u00e9t\u00e9 r\u00e9duit \u00e0 <strong>0,1\u202f% du PIB<\/strong>, contre 2,4\u202f% en 2023, port\u00e9s par l\u2019augmentation des recettes du secteur extractif, une meilleure gouvernance fiscale et une rationalisation des d\u00e9penses. Le ratio <strong>dette\/PIB<\/strong> est pass\u00e9 \u00e0 environ 44,5\u202f%, refl\u00e9tant une politique de d\u00e9sendettement progressif<\/p>\n\n\n\n<h3 class=\"wp-block-heading\">Perspectives \u00e0 moyen terme<\/h3>\n\n\n\n<p>La Banque mondiale anticipe une croissance moyenne de <strong>4,9 \u00e0 5,1\u202f% entre 2025 et 2027<\/strong>, port\u00e9e par l\u2019entr\u00e9e en production du projet gazier <strong>Great Tortue Ahmeyim (GTA)<\/strong> avec BP et Kosmos. Ce projet, crucial pour l\u2019\u00e9conomie mauritanienne, promet de transformer le pays en p\u00f4le \u00e9nerg\u00e9tique r\u00e9gional\u2002<a href=\"https:\/\/www.ft.com\/content\/3023e44a-ed57-4efb-91c6-cb202e5a72e2?utm_source=chatgpt.com\" target=\"_blank\" rel=\"noreferrer noopener\">Financial Times+1Rapide Info+1<\/a>.<\/p>\n\n\n\n<p>Cependant, la volatilit\u00e9 des cours des mati\u00e8res premi\u00e8res, les fragilit\u00e9s structurelles du tissu social et les risques climatiques restent des d\u00e9fis de taille. La <strong>pauvret\u00e9 pourrait toucher 31,8\u202f% de la population d\u2019ici 2027<\/strong>, soit pr\u00e8s de 193 000 personnes de plus<\/p>\n\n\n\n<h3 class=\"wp-block-heading\">R\u00e9formes sociales et inclusion<\/h3>\n\n\n\n<p>Le rapport met en lumi\u00e8re la transition des subventions g\u00e9n\u00e9ralis\u00e9es vers des <strong>transferts cibl\u00e9s<\/strong>, notamment avec le programme Tekavoul soutenu par un registre social national. Bien que les aides sociales repr\u00e9sentent seulement 1,5\u202f% du PIB, leur ciblage est d\u00e9sormais plus pr\u00e9cis, notamment gr\u00e2ce \u00e0 une consolidation institutionnelle en cours<\/p>\n\n\n\n<h2 class=\"wp-block-heading\">Pourquoi cette actualit\u00e9 est cruciale ?<\/h2>\n\n\n\n<ul class=\"wp-block-list\">\n<li>Elle illustre une <strong>transition douce vers une \u00e9conomie plus diversifi\u00e9e<\/strong>, r\u00e9duisant progressivement la d\u00e9pendance aux cycles des mati\u00e8res premi\u00e8res.<\/li>\n\n\n\n<li>Elle t\u00e9moigne de <strong>r\u00e9formes financi\u00e8res courageuses<\/strong>, r\u00e9duisant d\u00e9ficit et dette dans un contexte mondial incertain.<\/li>\n\n\n\n<li>Elle place le projet <strong>GTA gazier<\/strong> comme levier d\u2019un nouveau mod\u00e8le de d\u00e9veloppement, \u00e0 condition de le coupler \u00e0 des politiques sociales inclusives.<\/li>\n<\/ul>\n","protected":false},"excerpt":{"rendered":"<p>Nouakchott, juin 2025 \u2013 Le Groupe de la Banque mondiale a publi\u00e9 sa huiti\u00e8me mise&#8230;<\/p>\n","protected":false},"author":2,"featured_media":146,"comment_status":"open","ping_status":"open","sticky":false,"template":"","format":"standard","meta":{"footnotes":""},"categories":[5,10],"tags":[],"class_list":["post-145","post","type-post","status-publish","format-standard","has-post-thumbnail","hentry","category-economie","category-mines-energie"],"_links":{"self":[{"href":"https:\/\/mauritanie-demain.org\/index.php\/wp-json\/wp\/v2\/posts\/145","targetHints":{"allow":["GET"]}}],"collection":[{"href":"https:\/\/mauritanie-demain.org\/index.php\/wp-json\/wp\/v2\/posts"}],"about":[{"href":"https:\/\/mauritanie-demain.org\/index.php\/wp-json\/wp\/v2\/types\/post"}],"author":[{"embeddable":true,"href":"https:\/\/mauritanie-demain.org\/index.php\/wp-json\/wp\/v2\/users\/2"}],"replies":[{"embeddable":true,"href":"https:\/\/mauritanie-demain.org\/index.php\/wp-json\/wp\/v2\/comments?post=145"}],"version-history":[{"count":1,"href":"https:\/\/mauritanie-demain.org\/index.php\/wp-json\/wp\/v2\/posts\/145\/revisions"}],"predecessor-version":[{"id":147,"href":"https:\/\/mauritanie-demain.org\/index.php\/wp-json\/wp\/v2\/posts\/145\/revisions\/147"}],"wp:featuredmedia":[{"embeddable":true,"href":"https:\/\/mauritanie-demain.org\/index.php\/wp-json\/wp\/v2\/media\/146"}],"wp:attachment":[{"href":"https:\/\/mauritanie-demain.org\/index.php\/wp-json\/wp\/v2\/media?parent=145"}],"wp:term":[{"taxonomy":"category","embeddable":true,"href":"https:\/\/mauritanie-demain.org\/index.php\/wp-json\/wp\/v2\/categories?post=145"},{"taxonomy":"post_tag","embeddable":true,"href":"https:\/\/mauritanie-demain.org\/index.php\/wp-json\/wp\/v2\/tags?post=145"}],"curies":[{"name":"wp","href":"https:\/\/api.w.org\/{rel}","templated":true}]}}