{"id":142,"date":"2025-07-29T13:15:53","date_gmt":"2025-07-29T13:15:53","guid":{"rendered":"https:\/\/mauritanie-demain.org\/?p=142"},"modified":"2025-07-29T13:15:54","modified_gmt":"2025-07-29T13:15:54","slug":"la-mauritanie-et-licesco-renforcent-lenseignement-de-larabe-dans-les-mahadras","status":"publish","type":"post","link":"https:\/\/mauritanie-demain.org\/index.php\/2025\/07\/29\/la-mauritanie-et-licesco-renforcent-lenseignement-de-larabe-dans-les-mahadras\/","title":{"rendered":"La Mauritanie et l\u2019ICESCO renforcent l\u2019enseignement de l\u2019arabe dans les mahadras"},"content":{"rendered":"\n<p><strong>Nouakchott, 19 juin 2025<\/strong> \u2013 Un nouveau projet p\u00e9dagogique intitul\u00e9 <strong>Empower with Arabic<\/strong> a \u00e9t\u00e9 lanc\u00e9 \u00e0 Nouakchott dans le cadre d\u2019un partenariat entre l\u2019ICESCO et les autorit\u00e9s mauritaniennes. Il vise \u00e0 am\u00e9liorer les comp\u00e9tences en langue arabe des \u00e9l\u00e8ves non arabophones inscrits dans les \u00e9coles religieuses traditionnelles, appel\u00e9es mahadras<\/p>\n\n\n\n<h3 class=\"wp-block-heading\">Objectifs du projet<\/h3>\n\n\n\n<p>Le programme cible <strong>100 \u00e9l\u00e8ves non arabophones<\/strong> issus des mahadras et leur offre :<\/p>\n\n\n\n<ul class=\"wp-block-list\">\n<li>une formation intensive d\u2019un mois centr\u00e9e sur l\u2019apprentissage de l\u2019arabe classique,<\/li>\n\n\n\n<li>un atelier de renforcement des capacit\u00e9s pour les enseignants, ax\u00e9 sur des m\u00e9thodes p\u00e9dagogiques modernes et adapt\u00e9es,<\/li>\n\n\n\n<li>la cr\u00e9ation d\u2019un manuel d\u2019enseignement innovant s\u2019appuyant sur les traditions des mahadras tout en int\u00e9grant des approches contemporaines<\/li>\n<\/ul>\n\n\n\n<h3 class=\"wp-block-heading\">Importance pour la culture religieuse mauritanienne<\/h3>\n\n\n\n<p>Les mahadras constituent depuis des si\u00e8cles les piliers de la transmission intellectuelle et religieuse en Mauritanie. En renfor\u00e7ant l\u2019enseignement de l\u2019arabe, ce programme :<\/p>\n\n\n\n<ul class=\"wp-block-list\">\n<li>soutient la <strong>pr\u00e9servation du patrimoine religieux<\/strong>, essentiellement transmis en langue coranique,<\/li>\n\n\n\n<li>favorise l\u2019<strong>inclusion linguistique<\/strong> des \u00e9l\u00e8ves non arabophones, souvent issus de zones p\u00e9riph\u00e9riques ou marginalis\u00e9es,<\/li>\n\n\n\n<li>permet de consolider un syst\u00e8me \u00e9ducatif religieux traditionnel dans un registre plus universel\u2002<\/li>\n<\/ul>\n\n\n\n<h3 class=\"wp-block-heading\">Cadre institutionnel et retomb\u00e9es attendues<\/h3>\n\n\n\n<p>Ce projet s\u2019inscrit dans un cadre de collaboration institutionnelle entre :<\/p>\n\n\n\n<ul class=\"wp-block-list\">\n<li>l\u2019ICESCO (Organisation islamique de culture, \u00e9ducation et science),<\/li>\n\n\n\n<li>la Commission nationale mauritanienne pour l\u2019\u00e9ducation, la culture et la science,<\/li>\n\n\n\n<li>et la Fondation Hamdan bin Rashid pour les sciences m\u00e9dicales et \u00e9ducatives, qui assure le financement du programme<\/li>\n<\/ul>\n\n\n\n<p>\u00c0 terme, l\u2019initiative devrait :<\/p>\n\n\n\n<ul class=\"wp-block-list\">\n<li>former des <strong>enseignants locaux<\/strong> aux m\u00e9thodes d\u2019enseignement de l\u2019arabe comme langue seconde,<\/li>\n\n\n\n<li>produire un <strong>manuel p\u00e9dagogique contextualis\u00e9<\/strong> pour les mahadras,<\/li>\n\n\n\n<li>instaurer un <strong>mod\u00e8le reproductible<\/strong> dans d\u2019autres r\u00e9gions ou pays partageant un syst\u00e8me \u00e9ducatif similaire.<\/li>\n<\/ul>\n\n\n\n<h3 class=\"wp-block-heading\">Enjeux et perspectives<\/h3>\n\n\n\n<p>La Mauritanie affirme ainsi sa position de <strong>p\u00f4le religieux et intellectuel en Afrique de l\u2019Ouest<\/strong>, tout en modernisant un secteur \u00e9ducatif traditionnel.<br>Les d\u00e9fis \u00e0 venir incluent :<\/p>\n\n\n\n<ul class=\"wp-block-list\">\n<li>l\u2019<strong>adaptation des contenus au profil des apprenants<\/strong> non arabophones,<\/li>\n\n\n\n<li>la mont\u00e9e en comp\u00e9tence durable des formateurs,<\/li>\n\n\n\n<li>la possibilit\u00e9 d\u2019<strong>\u00e9tendre ce mod\u00e8le \u00e0 d\u2019autres \u00e9tablissements religieux<\/strong> ou secteurs \u00e9ducatifs.<\/li>\n<\/ul>\n","protected":false},"excerpt":{"rendered":"<p>Nouakchott, 19 juin 2025 \u2013 Un nouveau projet p\u00e9dagogique intitul\u00e9 Empower with Arabic a \u00e9t\u00e9&#8230;<\/p>\n","protected":false},"author":2,"featured_media":143,"comment_status":"open","ping_status":"open","sticky":false,"template":"","format":"standard","meta":{"footnotes":""},"categories":[13],"tags":[],"class_list":["post-142","post","type-post","status-publish","format-standard","has-post-thumbnail","hentry","category-culture-religion"],"_links":{"self":[{"href":"https:\/\/mauritanie-demain.org\/index.php\/wp-json\/wp\/v2\/posts\/142","targetHints":{"allow":["GET"]}}],"collection":[{"href":"https:\/\/mauritanie-demain.org\/index.php\/wp-json\/wp\/v2\/posts"}],"about":[{"href":"https:\/\/mauritanie-demain.org\/index.php\/wp-json\/wp\/v2\/types\/post"}],"author":[{"embeddable":true,"href":"https:\/\/mauritanie-demain.org\/index.php\/wp-json\/wp\/v2\/users\/2"}],"replies":[{"embeddable":true,"href":"https:\/\/mauritanie-demain.org\/index.php\/wp-json\/wp\/v2\/comments?post=142"}],"version-history":[{"count":1,"href":"https:\/\/mauritanie-demain.org\/index.php\/wp-json\/wp\/v2\/posts\/142\/revisions"}],"predecessor-version":[{"id":144,"href":"https:\/\/mauritanie-demain.org\/index.php\/wp-json\/wp\/v2\/posts\/142\/revisions\/144"}],"wp:featuredmedia":[{"embeddable":true,"href":"https:\/\/mauritanie-demain.org\/index.php\/wp-json\/wp\/v2\/media\/143"}],"wp:attachment":[{"href":"https:\/\/mauritanie-demain.org\/index.php\/wp-json\/wp\/v2\/media?parent=142"}],"wp:term":[{"taxonomy":"category","embeddable":true,"href":"https:\/\/mauritanie-demain.org\/index.php\/wp-json\/wp\/v2\/categories?post=142"},{"taxonomy":"post_tag","embeddable":true,"href":"https:\/\/mauritanie-demain.org\/index.php\/wp-json\/wp\/v2\/tags?post=142"}],"curies":[{"name":"wp","href":"https:\/\/api.w.org\/{rel}","templated":true}]}}